{"id":159231,"date":"2020-04-28T17:44:14","date_gmt":"2020-04-28T20:44:14","guid":{"rendered":"https:\/\/diarioregionaldigital.com.br\/?p=159231"},"modified":"2020-04-28T17:44:14","modified_gmt":"2020-04-28T20:44:14","slug":"pm-recebe-relato-de-troca-de-tiros-no-bairro-ponte-preta","status":"publish","type":"post","link":"https:\/\/diarioregionaldigital.com.br\/?p=159231","title":{"rendered":"PM recebe relato de troca de tiros no Bairro Ponte Preta"},"content":{"rendered":"<p>A Pol\u00edcia Militar (PM), recebeu relato de troca de tiros na noite dessa segunda-feira (27), no Bairro Ponte Preta (Regi\u00e3o Noroeste) em Juiz de Fora. Segundo relatos da v\u00edtima, 29 anos, ela estava chegando a sua resid\u00eancia, quando recebeu uma fechada de um ve\u00edculo que vinha do sentido contr\u00e1rio. Neste momento um indiv\u00edduo que estava no banco do carona saiu do ve\u00edculo e com posse de arma de fogo, ordenou que a v\u00edtima sa\u00edsse.<\/p>\n<p>Neste momento, a v\u00edtima de dentro de seu ve\u00edculo efetuou um disparo de arma de fogo em dire\u00e7\u00e3o aos autores como defesa a tentativa de roubo, contudo o disparo n\u00e3o atingiu os autores nem o ve\u00edculo. Ap\u00f3s o disparo efetuado pela v\u00edtima, o autor que havia desembarcado, entrou no ve\u00edculo que saiu em alta velocidade no sentido contr\u00e1rio. Foi realizado rastreamento pelas imedia\u00e7\u00f5es por\u00e9m sem \u00eaxito.<\/p>\n<p>Durante o registro do Boletim de Ocorr\u00eancia (BO), a v\u00edtima apresentou comprovante comprobat\u00f3rio\u00a0de porte de tr\u00e2nsito da arma de fogo e o registro da referida arma. No local foi localizado e apreendido a capsula deflagrada calibre .380 da arma utilizada pela v\u00edtima e encaminhada a Delegacia.<\/p>\n","protected":false},"excerpt":{"rendered":"<p>A Pol\u00edcia Militar (PM), recebeu relato de troca de tiros na noite dessa segunda-feira (27), no Bairro Ponte Preta (Regi\u00e3o Noroeste) em Juiz de Fora. Segundo relatos da v\u00edtima, 29 anos, ela estava chegando a sua resid\u00eancia, quando recebeu uma fechada de um ve\u00edculo que vinha do sentido contr\u00e1rio. Neste momento um indiv\u00edduo que estava [&hellip;]<\/p>\n","protected":false},"author":96,"featured_media":97342,"comment_status":"closed","ping_status":"closed","sticky":false,"template":"","format":"standard","meta":{"footnotes":""},"categories":[301,436,439],"tags":[],"class_list":["post-159231","post","type-post","status-publish","format-standard","has-post-thumbnail","hentry","category-artigos-policiais","category-destaque-da-semana","category-ultima-hora"],"_links":{"self":[{"href":"https:\/\/diarioregionaldigital.com.br\/index.php?rest_route=\/wp\/v2\/posts\/159231","targetHints":{"allow":["GET"]}}],"collection":[{"href":"https:\/\/diarioregionaldigital.com.br\/index.php?rest_route=\/wp\/v2\/posts"}],"about":[{"href":"https:\/\/diarioregionaldigital.com.br\/index.php?rest_route=\/wp\/v2\/types\/post"}],"author":[{"embeddable":true,"href":"https:\/\/diarioregionaldigital.com.br\/index.php?rest_route=\/wp\/v2\/users\/96"}],"replies":[{"embeddable":true,"href":"https:\/\/diarioregionaldigital.com.br\/index.php?rest_route=%2Fwp%2Fv2%2Fcomments&post=159231"}],"version-history":[{"count":0,"href":"https:\/\/diarioregionaldigital.com.br\/index.php?rest_route=\/wp\/v2\/posts\/159231\/revisions"}],"wp:featuredmedia":[{"embeddable":true,"href":"https:\/\/diarioregionaldigital.com.br\/index.php?rest_route=\/wp\/v2\/media\/97342"}],"wp:attachment":[{"href":"https:\/\/diarioregionaldigital.com.br\/index.php?rest_route=%2Fwp%2Fv2%2Fmedia&parent=159231"}],"wp:term":[{"taxonomy":"category","embeddable":true,"href":"https:\/\/diarioregionaldigital.com.br\/index.php?rest_route=%2Fwp%2Fv2%2Fcategories&post=159231"},{"taxonomy":"post_tag","embeddable":true,"href":"https:\/\/diarioregionaldigital.com.br\/index.php?rest_route=%2Fwp%2Fv2%2Ftags&post=159231"}],"curies":[{"name":"wp","href":"https:\/\/api.w.org\/{rel}","templated":true}]}}