{"id":159225,"date":"2020-04-28T16:52:05","date_gmt":"2020-04-28T19:52:05","guid":{"rendered":"https:\/\/diarioregionaldigital.com.br\/?p=159225"},"modified":"2020-04-28T16:52:05","modified_gmt":"2020-04-28T19:52:05","slug":"coronavirus-pjf-recebe-mais-de-200-mil-mascaras-de-protecao-para-profissionais-de-saude","status":"publish","type":"post","link":"https:\/\/diarioregionaldigital.com.br\/?p=159225","title":{"rendered":"Coronav\u00edrus \u2013 PJF recebe mais de 200 mil m\u00e1scaras de prote\u00e7\u00e3o para profissionais de sa\u00fade"},"content":{"rendered":"<p>Nessa ter\u00e7a-feira (28), a empresa VMGMAR terminou de entregar a \u00faltima remessa de equipamentos de prote\u00e7\u00e3o individual (EPIs) adquiridos pela Secretaria de Sa\u00fade (SS) de Juiz de Fora (Processo: 1964\/2020). S\u00e3o mais 211.500 mil m\u00e1scaras cir\u00fargicas triplas e 6.820 mil do tipo N95 que ser\u00e3o destinadas aos profissionais de sa\u00fade que est\u00e3o atuando nas diversas unidades de sa\u00fade do munic\u00edpio.<\/p>\n<p>Al\u00e9m desta remessa, a empresa j\u00e1 entregou \u00e0 Prefeitura de Juiz de Fora (PJF) 100 mil m\u00e1scaras cir\u00fargicas descart\u00e1veis na primeira compra (Processo 1940\/2020) \u2013 e dez mil litros de \u00e1lcool l\u00edquido 70% (Processo: 1962\/2020).<\/p>\n<p>As compras foram realizadas antes do Munic\u00edpio decretar Estado de Calamidade P\u00fablica e teve como base a Lei 13.979, de 6 de fevereiro de 2020, alterada pela medida provis\u00f3ria 926 de 2020. O objeto social da empresa VMGMAR, fundamental para lisura da compra, prev\u00ea \u201ccom\u00e9rcio de materiais e equipamentos (&#8230;) odontol\u00f3gicos, hospitalares (&#8230;) e de consumos hospitalares\u201d.<\/p>\n<p><strong>Volume de EPIs:<\/strong><\/p>\n<p>Com a evolu\u00e7\u00e3o da Covid-19 e o aumento do n\u00famero de casos suspeitos de coronav\u00edrus foi necess\u00e1rio que os setores da Sa\u00fade avaliassem novamente a necessidade de gastos. Como par\u00e2metros, a Secretaria de Sa\u00fade seguiu as orienta\u00e7\u00f5es do Minist\u00e9rio da Sa\u00fade, Ag\u00eancia Nacional de Vigil\u00e2ncia Sanit\u00e1ria (Anvisa) e Procedimentos Operacionais Padr\u00e3o (POPs).<\/p>\n<p>Para realizar a estimativa\/previs\u00e3o de consumo de insumos e EPIs nas 63 Unidades B\u00e1sicas de Sa\u00fade (UBSs) e Unidades de Urg\u00eancia, sendo essas o Hospital Dr. Geraldo Mozart Teixeira, conhecido como HPS, Departamento de Urg\u00eancia Regional Leste (DURL) e Pronto Atendimento Infantil (PAI), foi utilizado o quantitativo de trabalhadores cadastrados no Cadastro Nacional de Estabelecimentos de Sa\u00fade (SCNES).<\/p>\n<p>Ap\u00f3s esse levantamento, a medida adotada como par\u00e2metro \u00e9 a quantidade di\u00e1ria de cada item utilizada por profissional de cada de cada uma das categorias profissionais que comp\u00f5em o quadro de servidores.<\/p>\n<p>&nbsp;<\/p>\n<p><strong>Fonte:\u00a0<\/strong>Assessoria<\/p>\n","protected":false},"excerpt":{"rendered":"<p>Nessa ter\u00e7a-feira (28), a empresa VMGMAR terminou de entregar a \u00faltima remessa de equipamentos de prote\u00e7\u00e3o individual (EPIs) adquiridos pela Secretaria de Sa\u00fade (SS) de Juiz de Fora (Processo: 1964\/2020). S\u00e3o mais 211.500 mil m\u00e1scaras cir\u00fargicas triplas e 6.820 mil do tipo N95 que ser\u00e3o destinadas aos profissionais de sa\u00fade que est\u00e3o atuando nas diversas [&hellip;]<\/p>\n","protected":false},"author":96,"featured_media":159226,"comment_status":"closed","ping_status":"closed","sticky":false,"template":"","format":"standard","meta":{"footnotes":""},"categories":[253,436,440,439],"tags":[],"class_list":["post-159225","post","type-post","status-publish","format-standard","has-post-thumbnail","hentry","category-cidade","category-destaque-da-semana","category-destaques-do-dia","category-ultima-hora"],"_links":{"self":[{"href":"https:\/\/diarioregionaldigital.com.br\/index.php?rest_route=\/wp\/v2\/posts\/159225","targetHints":{"allow":["GET"]}}],"collection":[{"href":"https:\/\/diarioregionaldigital.com.br\/index.php?rest_route=\/wp\/v2\/posts"}],"about":[{"href":"https:\/\/diarioregionaldigital.com.br\/index.php?rest_route=\/wp\/v2\/types\/post"}],"author":[{"embeddable":true,"href":"https:\/\/diarioregionaldigital.com.br\/index.php?rest_route=\/wp\/v2\/users\/96"}],"replies":[{"embeddable":true,"href":"https:\/\/diarioregionaldigital.com.br\/index.php?rest_route=%2Fwp%2Fv2%2Fcomments&post=159225"}],"version-history":[{"count":0,"href":"https:\/\/diarioregionaldigital.com.br\/index.php?rest_route=\/wp\/v2\/posts\/159225\/revisions"}],"wp:featuredmedia":[{"embeddable":true,"href":"https:\/\/diarioregionaldigital.com.br\/index.php?rest_route=\/wp\/v2\/media\/159226"}],"wp:attachment":[{"href":"https:\/\/diarioregionaldigital.com.br\/index.php?rest_route=%2Fwp%2Fv2%2Fmedia&parent=159225"}],"wp:term":[{"taxonomy":"category","embeddable":true,"href":"https:\/\/diarioregionaldigital.com.br\/index.php?rest_route=%2Fwp%2Fv2%2Fcategories&post=159225"},{"taxonomy":"post_tag","embeddable":true,"href":"https:\/\/diarioregionaldigital.com.br\/index.php?rest_route=%2Fwp%2Fv2%2Ftags&post=159225"}],"curies":[{"name":"wp","href":"https:\/\/api.w.org\/{rel}","templated":true}]}}