{"id":159222,"date":"2020-04-28T16:50:32","date_gmt":"2020-04-28T19:50:32","guid":{"rendered":"https:\/\/diarioregionaldigital.com.br\/?p=159222"},"modified":"2020-04-28T16:50:32","modified_gmt":"2020-04-28T19:50:32","slug":"comite-recomenda-suspensao-das-atividades-presenciais-ate-30-de-maio","status":"publish","type":"post","link":"https:\/\/diarioregionaldigital.com.br\/?p=159222","title":{"rendered":"Comit\u00ea recomenda suspens\u00e3o das atividades presenciais at\u00e9 30 de maio"},"content":{"rendered":"<p>O Comit\u00ea de Monitoramento e Orienta\u00e7\u00e3o de Condutas sobre o Novo Coronav\u00edrus (SarsCov-2) da Universidade Federal de Juiz de Fora (UFJF) recomenda que as atividades acad\u00eamicas e administrativas da institui\u00e7\u00e3o permane\u00e7am suspensas at\u00e9 30 de maio, nos campus de Juiz de Fora e de Governador Valadares.<\/p>\n<p>A decis\u00e3o toma como refer\u00eancia a tend\u00eancia da epidemia e as estrat\u00e9gias adotadas para reduzir o impacto na morbidade e na mortalidade pela Covid-19. O prazo pode ser alterado a qualquer momento.<\/p>\n<p>Confira a nota na \u00edntegra:<\/p>\n<p><strong>Nota<\/strong><\/p>\n<p>O\u00a0\u00a0 Comit\u00ea de Monitoramento e Orienta\u00e7\u00e3o de Condutas sobre o novo Coranavirus (SarsCov-2) da UFJF reuniu-se \u00e0s 14 horas do dia 27 de abril de 2020 para proceder \u00e0 avalia\u00e7\u00e3o da tend\u00eancia da epidemia e orientar a institui\u00e7\u00e3o sobre medidas a serem implementadas.<\/p>\n<p>Considerando que:<\/p>\n<p>1 \u2013\u00a0 A Organiza\u00e7\u00e3o Mundial da Sa\u00fade (OMS), diante de um cen\u00e1rio internacional de expans\u00e3o da doen\u00e7a por diversos continentes, declarou pandemia de Covid-19;<\/p>\n<p>2 \u2013\u00a0 O Governo do Estado de Minas Gerais teve sua situa\u00e7\u00e3o de emerg\u00eancia decretada;<\/p>\n<p>3 \u2013\u00a0 Os dados presentes nos boletins epidemiol\u00f3gicos sobre a situa\u00e7\u00e3o dos munic\u00edpios de Juiz de Fora e Governador Valadares apontam ainda para o distanciamento social como medida necess\u00e1ria;<\/p>\n<p>4 \u2013 O estudo realizado e apresentado por meio das notas t\u00e9cnicas, aponta que seja considerado o distanciamento social como medida necess\u00e1ria para o enfrentamento da epidemia ;<\/p>\n<p>Este comit\u00ea recomenda \u00e0 UFJF que:<\/p>\n<p>Intensifique dentro das possibilidades acad\u00eamicas, jur\u00eddicas e financeiras a parceria entre a UFJF e os munic\u00edpios de Juiz de Fora e Governador Valadares, no sentido de viabilizar as a\u00e7\u00f5es que possibilitem o enfrentamento da COVID-19, tais como: participa\u00e7\u00e3o em comit\u00eas de assessoramento, produ\u00e7\u00e3o e doa\u00e7\u00e3o de insumos, realiza\u00e7\u00e3o de pesquisas; capacita\u00e7\u00e3o e treinamento de equipes; produ\u00e7\u00e3o de material educativos, realiza\u00e7\u00e3o de testes diagn\u00f3sticos;<\/p>\n<p>Mantenha as medidas de distanciamento social, contribuindo com as a\u00e7\u00f5es municipais (Juiz de Fora e Governador Valadares) e estaduais de cuidado e preven\u00e7\u00e3o, no sentido de reduzir a exposi\u00e7\u00e3o de trabalhadores\u00a0 e estudantes da Universidade aos riscos de contamina\u00e7\u00e3o;<\/p>\n<p>Permane\u00e7a com a suspens\u00e3o de suas atividades prevista na Resolu\u00e7\u00e3o Consu n\u00ba 10\/2020\u00a0 at\u00e9 o dia 30 de maio . A suspens\u00e3o ou o seu prazo poder\u00e3o ser alterados a qualquer tempo, ouvindo este Comit\u00ea de Monitoramento e Orienta\u00e7\u00f5es de Conduta sobre o Coronav\u00edrus, que tomar\u00e1 como refer\u00eancia a tend\u00eancia da epidemia e as estrat\u00e9gias adotadas que reduzem o impacto na morbidade e mortalidades;<\/p>\n<p>Por meio da Comiss\u00e3o de Coordena\u00e7\u00e3o das A\u00e7\u00f5es de Enfrentamento da Covid-19, Portaria SEI n.428\/2020,\u00a0 possa autorizar atividades presenciais, se as mesmas estiverem relacionadas ao enfrentamento da pandemia. Para tanto, devem ser respeitadas\u00a0 e asseguradas as condi\u00e7\u00f5es de seguran\u00e7a necess\u00e1rias aos envolvidos (docentes, t\u00e9cnicos e discentes), como evitar aglomera\u00e7\u00f5es, respeitar a dist\u00e2ncia entre as pessoas e fornecimento de equipamentos de prote\u00e7\u00e3o individual em tipo e n\u00famero adequados ao risco.<\/p>\n<p>&nbsp;<\/p>\n<p><strong>Fonte:\u00a0<\/strong>Assessoria<\/p>\n","protected":false},"excerpt":{"rendered":"<p>O Comit\u00ea de Monitoramento e Orienta\u00e7\u00e3o de Condutas sobre o Novo Coronav\u00edrus (SarsCov-2) da Universidade Federal de Juiz de Fora (UFJF) recomenda que as atividades acad\u00eamicas e administrativas da institui\u00e7\u00e3o permane\u00e7am suspensas at\u00e9 30 de maio, nos campus de Juiz de Fora e de Governador Valadares. A decis\u00e3o toma como refer\u00eancia a tend\u00eancia da epidemia [&hellip;]<\/p>\n","protected":false},"author":96,"featured_media":159223,"comment_status":"closed","ping_status":"closed","sticky":false,"template":"","format":"standard","meta":{"footnotes":""},"categories":[253,436,440,439],"tags":[],"class_list":["post-159222","post","type-post","status-publish","format-standard","has-post-thumbnail","hentry","category-cidade","category-destaque-da-semana","category-destaques-do-dia","category-ultima-hora"],"_links":{"self":[{"href":"https:\/\/diarioregionaldigital.com.br\/index.php?rest_route=\/wp\/v2\/posts\/159222","targetHints":{"allow":["GET"]}}],"collection":[{"href":"https:\/\/diarioregionaldigital.com.br\/index.php?rest_route=\/wp\/v2\/posts"}],"about":[{"href":"https:\/\/diarioregionaldigital.com.br\/index.php?rest_route=\/wp\/v2\/types\/post"}],"author":[{"embeddable":true,"href":"https:\/\/diarioregionaldigital.com.br\/index.php?rest_route=\/wp\/v2\/users\/96"}],"replies":[{"embeddable":true,"href":"https:\/\/diarioregionaldigital.com.br\/index.php?rest_route=%2Fwp%2Fv2%2Fcomments&post=159222"}],"version-history":[{"count":0,"href":"https:\/\/diarioregionaldigital.com.br\/index.php?rest_route=\/wp\/v2\/posts\/159222\/revisions"}],"wp:featuredmedia":[{"embeddable":true,"href":"https:\/\/diarioregionaldigital.com.br\/index.php?rest_route=\/wp\/v2\/media\/159223"}],"wp:attachment":[{"href":"https:\/\/diarioregionaldigital.com.br\/index.php?rest_route=%2Fwp%2Fv2%2Fmedia&parent=159222"}],"wp:term":[{"taxonomy":"category","embeddable":true,"href":"https:\/\/diarioregionaldigital.com.br\/index.php?rest_route=%2Fwp%2Fv2%2Fcategories&post=159222"},{"taxonomy":"post_tag","embeddable":true,"href":"https:\/\/diarioregionaldigital.com.br\/index.php?rest_route=%2Fwp%2Fv2%2Ftags&post=159222"}],"curies":[{"name":"wp","href":"https:\/\/api.w.org\/{rel}","templated":true}]}}