{"id":159220,"date":"2020-04-28T16:48:18","date_gmt":"2020-04-28T19:48:18","guid":{"rendered":"https:\/\/diarioregionaldigital.com.br\/?p=159220"},"modified":"2020-04-28T16:48:18","modified_gmt":"2020-04-28T19:48:18","slug":"mulher-e-morta-a-facadas-no-jardim-de-ala","status":"publish","type":"post","link":"https:\/\/diarioregionaldigital.com.br\/?p=159220","title":{"rendered":"Mulher \u00e9 morta a facadas no Jardim de Al\u00e1"},"content":{"rendered":"<p>Um jovem de 22 anos, que passava de bicicleta pela Rua Elvira Bellei na noite dessa ter\u00e7a-feira (27), no Bairro Jardim de Al\u00e1 (Regi\u00e3o Sul), quando viu uma mulher de 41 anos ca\u00edda no ch\u00e3o e em um determinado momento, um casal de homem e mulher se aproximou da v\u00edtima. Ao tentar observar o caso mais de perto, a testemunha viu a v\u00edtima sendo puxada pelos pernas pelo casal e ao mesmo tempo gritava \u201cn\u00e3o, n\u00e3o\u201d. Logo em seguida, a infratora pegou uma faca e desferiu v\u00e1rios golpes contra a v\u00edtima.<\/p>\n<p>Ao perceber o crime, a testemunha retornou para a rua Jos\u00e9 Nunes Leal e de imediato realizou acionamento da Pol\u00edcia Militar (PM). No entanto, o jovem n\u00e3o conseguiu repassar muitos detalhes quanto aos autores, afirmando apenas que era uma mulher e um homem, e que fugiram sentido Rua Almiro Ribeiro de Toledo. O Samu tamb\u00e9m foi acionado mas quando chegou ao local do crime, confirmou \u00f3bito da v\u00edtima. A per\u00edcia tamb\u00e9m esteve presente para realizar os trabalhos e constatou um corte profundo no pesco\u00e7o da v\u00edtima e tamb\u00e9m v\u00e1rias perfura\u00e7\u00f5es pelo corpo.<\/p>\n<p>Em relato \u00e0 PM, a m\u00e3o da v\u00edtima informou que sua filha havia sa\u00eddo de casa por volta das 20:30h, com uma pessoa desconhecida. Relata ainda que a filha retornou para Juiz de Fora, em agosto de 2019, ap\u00f3s cumprimento de pena no estado de Santa Catarina. Logo ap\u00f3s a sua chegada ao munic\u00edpio, a v\u00edtima teve seu carro em chamas, cujo inc\u00eandio foi causado por infratores.<\/p>\n<p>Ainda segundo informa\u00e7\u00f5es da m\u00e3e, a v\u00edtima possu\u00eda v\u00e1rios desafetos devido a acontecimentos passados em sua vida, e que recentemente recebeu informa\u00e7\u00f5es de que uma moradora do bairro Santa Luzia, estava procurando por ela em decorr\u00eancia de uma transa\u00e7\u00e3o comercial envolvendo um notebook.<\/p>\n<p>Os policiais realizaram rastreamentos por\u00e9m n\u00e3o obtiveram \u00eaxito em localizar os infratores.<\/p>\n","protected":false},"excerpt":{"rendered":"<p>Um jovem de 22 anos, que passava de bicicleta pela Rua Elvira Bellei na noite dessa ter\u00e7a-feira (27), no Bairro Jardim de Al\u00e1 (Regi\u00e3o Sul), quando viu uma mulher de 41 anos ca\u00edda no ch\u00e3o e em um determinado momento, um casal de homem e mulher se aproximou da v\u00edtima. Ao tentar observar o caso [&hellip;]<\/p>\n","protected":false},"author":96,"featured_media":97342,"comment_status":"closed","ping_status":"closed","sticky":false,"template":"","format":"standard","meta":{"footnotes":""},"categories":[301,436,439],"tags":[],"class_list":["post-159220","post","type-post","status-publish","format-standard","has-post-thumbnail","hentry","category-artigos-policiais","category-destaque-da-semana","category-ultima-hora"],"_links":{"self":[{"href":"https:\/\/diarioregionaldigital.com.br\/index.php?rest_route=\/wp\/v2\/posts\/159220","targetHints":{"allow":["GET"]}}],"collection":[{"href":"https:\/\/diarioregionaldigital.com.br\/index.php?rest_route=\/wp\/v2\/posts"}],"about":[{"href":"https:\/\/diarioregionaldigital.com.br\/index.php?rest_route=\/wp\/v2\/types\/post"}],"author":[{"embeddable":true,"href":"https:\/\/diarioregionaldigital.com.br\/index.php?rest_route=\/wp\/v2\/users\/96"}],"replies":[{"embeddable":true,"href":"https:\/\/diarioregionaldigital.com.br\/index.php?rest_route=%2Fwp%2Fv2%2Fcomments&post=159220"}],"version-history":[{"count":0,"href":"https:\/\/diarioregionaldigital.com.br\/index.php?rest_route=\/wp\/v2\/posts\/159220\/revisions"}],"wp:featuredmedia":[{"embeddable":true,"href":"https:\/\/diarioregionaldigital.com.br\/index.php?rest_route=\/wp\/v2\/media\/97342"}],"wp:attachment":[{"href":"https:\/\/diarioregionaldigital.com.br\/index.php?rest_route=%2Fwp%2Fv2%2Fmedia&parent=159220"}],"wp:term":[{"taxonomy":"category","embeddable":true,"href":"https:\/\/diarioregionaldigital.com.br\/index.php?rest_route=%2Fwp%2Fv2%2Fcategories&post=159220"},{"taxonomy":"post_tag","embeddable":true,"href":"https:\/\/diarioregionaldigital.com.br\/index.php?rest_route=%2Fwp%2Fv2%2Ftags&post=159220"}],"curies":[{"name":"wp","href":"https:\/\/api.w.org\/{rel}","templated":true}]}}