{"id":159214,"date":"2020-04-28T16:44:54","date_gmt":"2020-04-28T19:44:54","guid":{"rendered":"https:\/\/diarioregionaldigital.com.br\/?p=159214"},"modified":"2020-04-28T16:44:54","modified_gmt":"2020-04-28T19:44:54","slug":"motocicleta-furtada-no-manoel-honorio-e-encontrada-pela-policia-civil","status":"publish","type":"post","link":"https:\/\/diarioregionaldigital.com.br\/?p=159214","title":{"rendered":"Motocicleta furtada no Manoel Hon\u00f3rio \u00e9 encontrada pela Pol\u00edcia Civil"},"content":{"rendered":"<p>A Pol\u00edcia Civil de Minas Gerais (PCMG), encontrou nessa ter\u00e7a-feira (28), a motocicleta que havia sido furtada de uma garagem de um pr\u00e9dio no Bairro Manoel Hon\u00f3rio (Regi\u00e3o Central), na segunda-feira (27). O ve\u00edculo foi encontrado no Bairro Centen\u00e1rio (Regi\u00e3o Central).<\/p>\n<p>Os policiais realizaram intensas investiga\u00e7\u00f5es e tiveram \u00eaxito em identificar o suspeito, que \u00e9 um jovem de 29 anos. Ele foi ouvido na 1\u00aa Delegacia Regional de Juiz de Fora e confessou ter praticado o crime. Inclusive, ele j\u00e1 estava na unidade policial, em virtude de uma pris\u00e3o em flagrante por envolvimento em outro furto.<\/p>\n<p>Apura\u00e7\u00f5es indicam que o suspeito tamb\u00e9m estaria envolvido em outros furtos ocorridos na \u00e1rea central e nas Zonas Sul e Leste da cidade. Ele foi encaminhado ao sistema prisional e se encontra \u00e0 disposi\u00e7\u00e3o da Justi\u00e7a.<\/p>\n<p>&nbsp;<\/p>\n","protected":false},"excerpt":{"rendered":"<p>A Pol\u00edcia Civil de Minas Gerais (PCMG), encontrou nessa ter\u00e7a-feira (28), a motocicleta que havia sido furtada de uma garagem de um pr\u00e9dio no Bairro Manoel Hon\u00f3rio (Regi\u00e3o Central), na segunda-feira (27). O ve\u00edculo foi encontrado no Bairro Centen\u00e1rio (Regi\u00e3o Central). Os policiais realizaram intensas investiga\u00e7\u00f5es e tiveram \u00eaxito em identificar o suspeito, que \u00e9 [&hellip;]<\/p>\n","protected":false},"author":96,"featured_media":159215,"comment_status":"closed","ping_status":"closed","sticky":false,"template":"","format":"standard","meta":{"footnotes":""},"categories":[301,436,439],"tags":[],"class_list":["post-159214","post","type-post","status-publish","format-standard","has-post-thumbnail","hentry","category-artigos-policiais","category-destaque-da-semana","category-ultima-hora"],"_links":{"self":[{"href":"https:\/\/diarioregionaldigital.com.br\/index.php?rest_route=\/wp\/v2\/posts\/159214","targetHints":{"allow":["GET"]}}],"collection":[{"href":"https:\/\/diarioregionaldigital.com.br\/index.php?rest_route=\/wp\/v2\/posts"}],"about":[{"href":"https:\/\/diarioregionaldigital.com.br\/index.php?rest_route=\/wp\/v2\/types\/post"}],"author":[{"embeddable":true,"href":"https:\/\/diarioregionaldigital.com.br\/index.php?rest_route=\/wp\/v2\/users\/96"}],"replies":[{"embeddable":true,"href":"https:\/\/diarioregionaldigital.com.br\/index.php?rest_route=%2Fwp%2Fv2%2Fcomments&post=159214"}],"version-history":[{"count":0,"href":"https:\/\/diarioregionaldigital.com.br\/index.php?rest_route=\/wp\/v2\/posts\/159214\/revisions"}],"wp:featuredmedia":[{"embeddable":true,"href":"https:\/\/diarioregionaldigital.com.br\/index.php?rest_route=\/wp\/v2\/media\/159215"}],"wp:attachment":[{"href":"https:\/\/diarioregionaldigital.com.br\/index.php?rest_route=%2Fwp%2Fv2%2Fmedia&parent=159214"}],"wp:term":[{"taxonomy":"category","embeddable":true,"href":"https:\/\/diarioregionaldigital.com.br\/index.php?rest_route=%2Fwp%2Fv2%2Fcategories&post=159214"},{"taxonomy":"post_tag","embeddable":true,"href":"https:\/\/diarioregionaldigital.com.br\/index.php?rest_route=%2Fwp%2Fv2%2Ftags&post=159214"}],"curies":[{"name":"wp","href":"https:\/\/api.w.org\/{rel}","templated":true}]}}