{"id":159211,"date":"2020-04-28T15:09:15","date_gmt":"2020-04-28T18:09:15","guid":{"rendered":"https:\/\/diarioregionaldigital.com.br\/?p=159211"},"modified":"2020-04-28T15:09:15","modified_gmt":"2020-04-28T18:09:15","slug":"presidente-do-toquio-2020-diz-que-jogos-podem-ser-cancelados-caso-epidemia-persista","status":"publish","type":"post","link":"https:\/\/diarioregionaldigital.com.br\/?p=159211","title":{"rendered":"Presidente do T\u00f3quio 2020 diz que jogos podem ser cancelados, caso epidemia persista"},"content":{"rendered":"<p>O presidente do Comit\u00ea Organizador das Olimp\u00edadas de T\u00f3quio 2020, Yoshiro Moi, anunciou nessa ter\u00e7a-feira (28), que os jogos podem ser cancelados no pr\u00f3ximo ano, se a epidemia do Coronav\u00edrus persistir. A edi\u00e7\u00e3o que seria realizada este ano, teve que ser adiada para 2021.<\/p>\n<p>Mesmo diante dos riscos, o presidente do comit\u00ea reiterou o trabalho que os organizadores t\u00eam feito, para garantir o sucesso e a organiza\u00e7\u00e3o tanto das Olimp\u00edadas quanto das Paralimp\u00edadas e tamb\u00e9m das suas import\u00e2ncias diante da luta contra o Coronav\u00edrus:<\/p>\n<p>&#8220;As Olimp\u00edadas seriam muito mais valiosas do que qualquer Olimp\u00edada no passado se pud\u00e9ssemos prosseguir com elas depois de vencer esta batalha. Temos que acreditar nisso, caso contr\u00e1rio, nosso trabalho e esfor\u00e7os n\u00e3o ser\u00e3o recompensados&#8221;.<\/p>\n<p>Al\u00e9m disso, o, presidente da Associa\u00e7\u00e3o M\u00e9dica do Jap\u00e3o, Yoshitake Yokokura, comentou sobre o poss\u00edvel cancelamento dos jogos, caso a epidemia continue no pr\u00f3ximo ano. Ele diz que a realiza\u00e7\u00e3o dos jogos n\u00e3o ser\u00e1 poss\u00edvel sem produ\u00e7\u00e3o de uma vacina efetiva:<\/p>\n<p>\u201cSeria dif\u00edcil realizar as Olimp\u00edadas sem uma vacina eficaz. N\u00e3o estou dizendo que o Jap\u00e3o deve ou n\u00e3o ser o anfitri\u00e3o. Quero acreditar que (o n\u00famero de) pessoas infectadas (em T\u00f3quio) esteja diminuindo. Mas como n\u00e3o h\u00e1 testes suficientes sendo realizados no Jap\u00e3o, \u00e9 dif\u00edcil avaliar (se o n\u00famero de casos diminuiu). Precisamos monitorar a situa\u00e7\u00e3o por mais uma semana.&#8221;<\/p>\n<p><strong>Casos de Coronav\u00edrus no Jap\u00e3o<\/strong><\/p>\n<p>Segundo dados da Universidade Johns Hopkins (Baltimore, EUA), existem 13.614 casos confirmados de Coronav\u00edrus no Jap\u00e3o e pelo menos 385 mortes.<\/p>\n","protected":false},"excerpt":{"rendered":"<p>O presidente do Comit\u00ea Organizador das Olimp\u00edadas de T\u00f3quio 2020, Yoshiro Moi, anunciou nessa ter\u00e7a-feira (28), que os jogos podem ser cancelados no pr\u00f3ximo ano, se a epidemia do Coronav\u00edrus persistir. A edi\u00e7\u00e3o que seria realizada este ano, teve que ser adiada para 2021. Mesmo diante dos riscos, o presidente do comit\u00ea reiterou o trabalho [&hellip;]<\/p>\n","protected":false},"author":96,"featured_media":159212,"comment_status":"closed","ping_status":"closed","sticky":false,"template":"","format":"standard","meta":{"footnotes":""},"categories":[436,257,439],"tags":[],"class_list":["post-159211","post","type-post","status-publish","format-standard","has-post-thumbnail","hentry","category-destaque-da-semana","category-esporte","category-ultima-hora"],"_links":{"self":[{"href":"https:\/\/diarioregionaldigital.com.br\/index.php?rest_route=\/wp\/v2\/posts\/159211","targetHints":{"allow":["GET"]}}],"collection":[{"href":"https:\/\/diarioregionaldigital.com.br\/index.php?rest_route=\/wp\/v2\/posts"}],"about":[{"href":"https:\/\/diarioregionaldigital.com.br\/index.php?rest_route=\/wp\/v2\/types\/post"}],"author":[{"embeddable":true,"href":"https:\/\/diarioregionaldigital.com.br\/index.php?rest_route=\/wp\/v2\/users\/96"}],"replies":[{"embeddable":true,"href":"https:\/\/diarioregionaldigital.com.br\/index.php?rest_route=%2Fwp%2Fv2%2Fcomments&post=159211"}],"version-history":[{"count":0,"href":"https:\/\/diarioregionaldigital.com.br\/index.php?rest_route=\/wp\/v2\/posts\/159211\/revisions"}],"wp:featuredmedia":[{"embeddable":true,"href":"https:\/\/diarioregionaldigital.com.br\/index.php?rest_route=\/wp\/v2\/media\/159212"}],"wp:attachment":[{"href":"https:\/\/diarioregionaldigital.com.br\/index.php?rest_route=%2Fwp%2Fv2%2Fmedia&parent=159211"}],"wp:term":[{"taxonomy":"category","embeddable":true,"href":"https:\/\/diarioregionaldigital.com.br\/index.php?rest_route=%2Fwp%2Fv2%2Fcategories&post=159211"},{"taxonomy":"post_tag","embeddable":true,"href":"https:\/\/diarioregionaldigital.com.br\/index.php?rest_route=%2Fwp%2Fv2%2Ftags&post=159211"}],"curies":[{"name":"wp","href":"https:\/\/api.w.org\/{rel}","templated":true}]}}