{"id":159205,"date":"2020-04-28T15:05:48","date_gmt":"2020-04-28T18:05:48","guid":{"rendered":"https:\/\/diarioregionaldigital.com.br\/?p=159205"},"modified":"2020-04-28T15:05:48","modified_gmt":"2020-04-28T18:05:48","slug":"encontro-entre-politicos-alemaes-adia-retorno-da-bundesliga","status":"publish","type":"post","link":"https:\/\/diarioregionaldigital.com.br\/?p=159205","title":{"rendered":"Encontro entre pol\u00edticos alem\u00e3es adia retorno da Bundesliga"},"content":{"rendered":"<p>O Campeonato Alem\u00e3o de futebol, que tinha como meta para retornar aos gramados no dia 9 de maio, ter\u00e1 seu rein\u00edcio adiado em decorr\u00eancia do novo encontro marcado entre a chanceler Angela Merkel com 16 ministros do esporte. A reuni\u00e3o que seria realizada nesta quinta-feira (30), foi adiada para o dia 6 de maio.<\/p>\n<p>Segundo informa\u00e7\u00f5es do jornal alem\u00e3o &#8220;S\u00fcddeutsche Zeitung&#8221;, a mudan\u00e7a da data do encontro se deve pelo aumento do n\u00famero de casos do Coronav\u00edrus pela Alemanha. A causa seria o afrouxamento do isolamento social imposto pelo Governo. At\u00e9 ent\u00e3o, foram confirmados 159 mil casos de Coronav\u00edrus pelo pa\u00eds, com 109 mil pacientes curados e 6.164 mortes.<\/p>\n<p>Mesmo que a reuni\u00e3o das autoridades aprovem o retorno do futebol em gramados alem\u00e3es, n\u00e3o haveria tempo suficiente para fazer o planejamento dos jogos. A decis\u00e3o final sobre o caso ser\u00e1 tomada pela Angela Merkel, pelos governadores e pelos estados.<\/p>\n<p><strong>Campeonato Alem\u00e3o<\/strong><\/p>\n<p>Desde o momento da paralisa\u00e7\u00e3o, a Bundesliga tem o Bayern de Munique na lideran\u00e7a com 55 pontos. Na vice-lideran\u00e7a aparece o Borussia Dortmund com 51, seguido de perto pelo RB Leipzig com 50 em terceiro e o Borussia Monchengladbach fecha o grupo dos quatro primeiros com 49 pontos.<\/p>\n<p>J\u00e1 na Bundesliga 2 (segunda divis\u00e3o), o Arminia Bielefeld lidera com 51 pontos. Na vice-lideran\u00e7a aparece o Stuttgart com 45 e o Hamburgo \u00e9 o terceiro com 44, fechando assim o grupos dos tr\u00eas primeiros colocados da tabela de classifica\u00e7\u00e3o.<\/p>\n","protected":false},"excerpt":{"rendered":"<p>O Campeonato Alem\u00e3o de futebol, que tinha como meta para retornar aos gramados no dia 9 de maio, ter\u00e1 seu rein\u00edcio adiado em decorr\u00eancia do novo encontro marcado entre a chanceler Angela Merkel com 16 ministros do esporte. A reuni\u00e3o que seria realizada nesta quinta-feira (30), foi adiada para o dia 6 de maio. Segundo [&hellip;]<\/p>\n","protected":false},"author":96,"featured_media":159206,"comment_status":"closed","ping_status":"closed","sticky":false,"template":"","format":"standard","meta":{"footnotes":""},"categories":[436,257,439],"tags":[],"class_list":["post-159205","post","type-post","status-publish","format-standard","has-post-thumbnail","hentry","category-destaque-da-semana","category-esporte","category-ultima-hora"],"_links":{"self":[{"href":"https:\/\/diarioregionaldigital.com.br\/index.php?rest_route=\/wp\/v2\/posts\/159205","targetHints":{"allow":["GET"]}}],"collection":[{"href":"https:\/\/diarioregionaldigital.com.br\/index.php?rest_route=\/wp\/v2\/posts"}],"about":[{"href":"https:\/\/diarioregionaldigital.com.br\/index.php?rest_route=\/wp\/v2\/types\/post"}],"author":[{"embeddable":true,"href":"https:\/\/diarioregionaldigital.com.br\/index.php?rest_route=\/wp\/v2\/users\/96"}],"replies":[{"embeddable":true,"href":"https:\/\/diarioregionaldigital.com.br\/index.php?rest_route=%2Fwp%2Fv2%2Fcomments&post=159205"}],"version-history":[{"count":0,"href":"https:\/\/diarioregionaldigital.com.br\/index.php?rest_route=\/wp\/v2\/posts\/159205\/revisions"}],"wp:featuredmedia":[{"embeddable":true,"href":"https:\/\/diarioregionaldigital.com.br\/index.php?rest_route=\/wp\/v2\/media\/159206"}],"wp:attachment":[{"href":"https:\/\/diarioregionaldigital.com.br\/index.php?rest_route=%2Fwp%2Fv2%2Fmedia&parent=159205"}],"wp:term":[{"taxonomy":"category","embeddable":true,"href":"https:\/\/diarioregionaldigital.com.br\/index.php?rest_route=%2Fwp%2Fv2%2Fcategories&post=159205"},{"taxonomy":"post_tag","embeddable":true,"href":"https:\/\/diarioregionaldigital.com.br\/index.php?rest_route=%2Fwp%2Fv2%2Ftags&post=159205"}],"curies":[{"name":"wp","href":"https:\/\/api.w.org\/{rel}","templated":true}]}}