{"id":159202,"date":"2020-04-28T15:04:23","date_gmt":"2020-04-28T18:04:23","guid":{"rendered":"https:\/\/diarioregionaldigital.com.br\/?p=159202"},"modified":"2020-04-28T15:04:23","modified_gmt":"2020-04-28T18:04:23","slug":"medico-da-fifa-quer-punicao-para-jogadores-que-cuspirem-no-gramado","status":"publish","type":"post","link":"https:\/\/diarioregionaldigital.com.br\/?p=159202","title":{"rendered":"M\u00e9dico da FIFA quer puni\u00e7\u00e3o para jogadores que cuspirem no gramado"},"content":{"rendered":"<p>O presidente do comit\u00ea m\u00e9dico da FIFA, Michel D\u2019Hooghe, sugeriu que os jogadores que cuspirem no gramado de jogo, sejam punidos com cart\u00e3o amarelo. Segundo o m\u00e9dico da entidade m\u00e1xima do futebol, a medida seria uma forma de evitar a propaga\u00e7\u00e3o do Coronav\u00edrus.<\/p>\n<p>Durante uma entrevista para o jornal ingl\u00eas \u201cThe Telegraph\u201d, o m\u00e9dico entende que, apesar de ser algo comum no futebol, a a\u00e7\u00e3o n\u00e3o \u00e9 muito higi\u00eanica e ajuda a espalhar o coronav\u00edrus. Ele ressaltou que h\u00e1 a necessidade de proteger jogadores e funcion\u00e1rios que est\u00e3o em campo:<\/p>\n<p>\u201c\u00c9 uma pr\u00e1tica comum no futebol e pouco higi\u00eanica. Por isso, quando o futebol voltar, penso que dever\u00edamos evit\u00e1-la ao m\u00e1ximo. A quest\u00e3o \u00e9 se isso ser\u00e1 poss\u00edvel. Talvez com um cart\u00e3o amarelo. N\u00e3o sou pessimista, mas neste momento sou muito c\u00e9tico relativamente a isso.\u201d<\/p>\n<p>&nbsp;<\/p>\n<p>&nbsp;<\/p>\n","protected":false},"excerpt":{"rendered":"<p>O presidente do comit\u00ea m\u00e9dico da FIFA, Michel D\u2019Hooghe, sugeriu que os jogadores que cuspirem no gramado de jogo, sejam punidos com cart\u00e3o amarelo. Segundo o m\u00e9dico da entidade m\u00e1xima do futebol, a medida seria uma forma de evitar a propaga\u00e7\u00e3o do Coronav\u00edrus. Durante uma entrevista para o jornal ingl\u00eas \u201cThe Telegraph\u201d, o m\u00e9dico entende [&hellip;]<\/p>\n","protected":false},"author":96,"featured_media":159203,"comment_status":"closed","ping_status":"closed","sticky":false,"template":"","format":"standard","meta":{"footnotes":""},"categories":[436,257,439],"tags":[],"class_list":["post-159202","post","type-post","status-publish","format-standard","has-post-thumbnail","hentry","category-destaque-da-semana","category-esporte","category-ultima-hora"],"_links":{"self":[{"href":"https:\/\/diarioregionaldigital.com.br\/index.php?rest_route=\/wp\/v2\/posts\/159202","targetHints":{"allow":["GET"]}}],"collection":[{"href":"https:\/\/diarioregionaldigital.com.br\/index.php?rest_route=\/wp\/v2\/posts"}],"about":[{"href":"https:\/\/diarioregionaldigital.com.br\/index.php?rest_route=\/wp\/v2\/types\/post"}],"author":[{"embeddable":true,"href":"https:\/\/diarioregionaldigital.com.br\/index.php?rest_route=\/wp\/v2\/users\/96"}],"replies":[{"embeddable":true,"href":"https:\/\/diarioregionaldigital.com.br\/index.php?rest_route=%2Fwp%2Fv2%2Fcomments&post=159202"}],"version-history":[{"count":0,"href":"https:\/\/diarioregionaldigital.com.br\/index.php?rest_route=\/wp\/v2\/posts\/159202\/revisions"}],"wp:featuredmedia":[{"embeddable":true,"href":"https:\/\/diarioregionaldigital.com.br\/index.php?rest_route=\/wp\/v2\/media\/159203"}],"wp:attachment":[{"href":"https:\/\/diarioregionaldigital.com.br\/index.php?rest_route=%2Fwp%2Fv2%2Fmedia&parent=159202"}],"wp:term":[{"taxonomy":"category","embeddable":true,"href":"https:\/\/diarioregionaldigital.com.br\/index.php?rest_route=%2Fwp%2Fv2%2Fcategories&post=159202"},{"taxonomy":"post_tag","embeddable":true,"href":"https:\/\/diarioregionaldigital.com.br\/index.php?rest_route=%2Fwp%2Fv2%2Ftags&post=159202"}],"curies":[{"name":"wp","href":"https:\/\/api.w.org\/{rel}","templated":true}]}}