{"id":159199,"date":"2020-04-28T15:02:56","date_gmt":"2020-04-28T18:02:56","guid":{"rendered":"https:\/\/diarioregionaldigital.com.br\/?p=159199"},"modified":"2020-04-28T15:02:56","modified_gmt":"2020-04-28T18:02:56","slug":"uefa-determina-prazo-para-ligas-definirem-futuro-dos-campeonatos-nacionais","status":"publish","type":"post","link":"https:\/\/diarioregionaldigital.com.br\/?p=159199","title":{"rendered":"UEFA determina prazo para ligas definirem futuro dos campeonatos nacionais"},"content":{"rendered":"<p>A Associa\u00e7\u00e3o dos Clubes Europeus (UEFA), determinou nessa ter\u00e7a-feira (28), que todas as ligas do futebol europeu tem at\u00e9 o dia 25 de maio, para definir o futuro dos respectivos campeonatos nacionais, que est\u00e3o paralisados em decorr\u00eancia da epidemia do Coronav\u00edrus. No entanto, haver\u00e1 uma nova reuni\u00e3o ainda esta semana para tratar do caso.<\/p>\n<p>Todas as federa\u00e7\u00f5es devem decidir se encerram os torneios de forma prematura ou n\u00e3o. Caso optem pelo encerramento, os presidentes das associa\u00e7\u00f5es devem enviar um documento \u00e0 entidade, contendo a justificativa para o cancelamento dos campeonatos, e selecione os clubes das competi\u00e7\u00f5es de clubes da UEFA em 2020\/21, com base no m\u00e9rito esportivo das competi\u00e7\u00f5es nacionais de 2019\/20.<\/p>\n<p>Al\u00e9m disso, a entidade havia anunciado na \u00faltima semana que n\u00e3o permitiria o encerramento prematuro de todas as competi\u00e7\u00f5es nacionais e que os pa\u00edses que tomassem tal atitude, poderiam ser exclu\u00eddos dos torneios continentais. No entanto, a institui\u00e7\u00e3o mudou sua postura, ao reconhecer a possibilidade de cancelamento.<\/p>\n<p><strong>Reajuste do calend\u00e1rio<\/strong><\/p>\n<p>Na \u00faltima quinta-feira (23), o Comit\u00ea Executivo da UEFA realizou uma reuni\u00e3o para tratar sobre a quest\u00e3o do reajuste do calend\u00e1rio do futebol europeu. Dois cen\u00e1rios de calend\u00e1rio foram propostos, sempre com prioridade para a conclus\u00e3o dos campeonatos locais.<\/p>\n<p>A primeira alternativa seria da retomada dos jogos dos respectivos campeonatos locais e que os mesmos fossem realizados antes e que as partidas dos torneios continentais fossem realizadas paralelamente a estes jogos.<\/p>\n<p>A outra op\u00e7\u00e3o seria fazer com que as ligas nacionais come\u00e7assem antes e seriam encerrados at\u00e9 o in\u00edcio da volta das partidas continentais, que seriam disputadas na sequ\u00eancia, em agosto.<\/p>\n<p>Com o prazo estabelecido para que as federa\u00e7\u00f5es decidem sobre o futuro dos campeonatos nacionais, a entidade pode realizar uma nova reuni\u00e3o para falar sobre o calend\u00e1rio<\/p>\n<p>&nbsp;<\/p>\n<p>&nbsp;<\/p>\n","protected":false},"excerpt":{"rendered":"<p>A Associa\u00e7\u00e3o dos Clubes Europeus (UEFA), determinou nessa ter\u00e7a-feira (28), que todas as ligas do futebol europeu tem at\u00e9 o dia 25 de maio, para definir o futuro dos respectivos campeonatos nacionais, que est\u00e3o paralisados em decorr\u00eancia da epidemia do Coronav\u00edrus. No entanto, haver\u00e1 uma nova reuni\u00e3o ainda esta semana para tratar do caso. Todas [&hellip;]<\/p>\n","protected":false},"author":96,"featured_media":159200,"comment_status":"closed","ping_status":"closed","sticky":false,"template":"","format":"standard","meta":{"footnotes":""},"categories":[436,257,439],"tags":[],"class_list":["post-159199","post","type-post","status-publish","format-standard","has-post-thumbnail","hentry","category-destaque-da-semana","category-esporte","category-ultima-hora"],"_links":{"self":[{"href":"https:\/\/diarioregionaldigital.com.br\/index.php?rest_route=\/wp\/v2\/posts\/159199","targetHints":{"allow":["GET"]}}],"collection":[{"href":"https:\/\/diarioregionaldigital.com.br\/index.php?rest_route=\/wp\/v2\/posts"}],"about":[{"href":"https:\/\/diarioregionaldigital.com.br\/index.php?rest_route=\/wp\/v2\/types\/post"}],"author":[{"embeddable":true,"href":"https:\/\/diarioregionaldigital.com.br\/index.php?rest_route=\/wp\/v2\/users\/96"}],"replies":[{"embeddable":true,"href":"https:\/\/diarioregionaldigital.com.br\/index.php?rest_route=%2Fwp%2Fv2%2Fcomments&post=159199"}],"version-history":[{"count":0,"href":"https:\/\/diarioregionaldigital.com.br\/index.php?rest_route=\/wp\/v2\/posts\/159199\/revisions"}],"wp:featuredmedia":[{"embeddable":true,"href":"https:\/\/diarioregionaldigital.com.br\/index.php?rest_route=\/wp\/v2\/media\/159200"}],"wp:attachment":[{"href":"https:\/\/diarioregionaldigital.com.br\/index.php?rest_route=%2Fwp%2Fv2%2Fmedia&parent=159199"}],"wp:term":[{"taxonomy":"category","embeddable":true,"href":"https:\/\/diarioregionaldigital.com.br\/index.php?rest_route=%2Fwp%2Fv2%2Fcategories&post=159199"},{"taxonomy":"post_tag","embeddable":true,"href":"https:\/\/diarioregionaldigital.com.br\/index.php?rest_route=%2Fwp%2Fv2%2Ftags&post=159199"}],"curies":[{"name":"wp","href":"https:\/\/api.w.org\/{rel}","templated":true}]}}