{"id":159196,"date":"2020-04-28T14:54:23","date_gmt":"2020-04-28T17:54:23","guid":{"rendered":"https:\/\/diarioregionaldigital.com.br\/?p=159196"},"modified":"2020-04-28T14:54:23","modified_gmt":"2020-04-28T17:54:23","slug":"covid-19-oms-pede-mais-voos-para-acelerar-remessa-de-exames","status":"publish","type":"post","link":"https:\/\/diarioregionaldigital.com.br\/?p=159196","title":{"rendered":"Covid-19: OMS pede mais voos para acelerar remessa de exames"},"content":{"rendered":"<p>A Organiza\u00e7\u00e3o Mundial da Sa\u00fade (OMS) pediu nesta ter\u00e7a-feira (28) uma quantidade maior de voos para acelerar as remessas de conjuntos de exames e equipamentos de prote\u00e7\u00e3o para \u00e1reas em que a Covid-19 est\u00e1 se disseminando, especialmente a Am\u00e9rica Latina<\/p>\n<p>O chefe de apoio operacional e log\u00edstica da OMS, Paul Molinaro, disse que as remessas globais de vacinas foram prejudicadas em abril e que, se isso continuar em maio, haver\u00e1 lacunas nas imuniza\u00e7\u00f5es de rotina e nas campanhas contra surtos de outras doen\u00e7as.<\/p>\n<p>O Programa Mundial de Alimentos das Na\u00e7\u00f5es Unidas relatou os primeiros transtornos em algumas cadeias de suprimento de comida que &#8220;podem fazer estragos&#8221;, disse.<\/p>\n<p>&#8220;Vimos o sistema de transporte a\u00e9reo internacional, do qual somos bastante dependentes para a movimenta\u00e7\u00e3o de cargas, parar gradualmente.&#8221;<\/p>\n<p>&#8220;Ent\u00e3o estamos em um ponto agora no qual precisamos procurar solu\u00e7\u00f5es para isto&#8221;, disse Molinaro durante um briefing de not\u00edcias virtual da Organiza\u00e7\u00e3o das Na\u00e7\u00f5es Unidas (ONU), em Genebra.<\/p>\n<p>Os Emirados \u00c1rabes Unidos forneceram avi\u00f5es para coletar suprimentos na China, que depois s\u00e3o distribu\u00eddos atrav\u00e9s de um polo de Dubai. Ele acrescentou que outros pa\u00edses disponibilizaram recursos a\u00e9reos.<\/p>\n<p>&#8220;Na avia\u00e7\u00e3o comercial, sempre estamos dispostos a aceitar mais ofertas. Apelamos constantemente por mais ofertas de recursos, ou transporte a\u00e9reo extremamente descontado&#8221;, disse Molinaro.<\/p>\n<p><strong>Demanda<\/strong><\/p>\n<p>A demanda disparou durante a crise de coronav\u00edrus, mas a OMS conseguiu adquirir e distribuir 1,1 milh\u00e3o de conjuntos de diagn\u00f3sticos, e mais 1,5 milh\u00e3o est\u00e3o a caminho, disse ele. A entidade sediada em Genebra se beneficiou de alguns pre\u00e7os preferenciais e almeja obter 9 milh\u00f5es de conjuntos de exames por meio de cons\u00f3rcios.<\/p>\n<p>Segundo relatos, cerca de 3,03 milh\u00f5es de pessoas de todo o mundo j\u00e1 foram infectadas na pandemia do novo coronav\u00edrus e 210.263 morreram, de acordo com a contagem mais recente da Reuters.<\/p>\n<p>O Panam\u00e1 servir\u00e1 como um polo de distribui\u00e7\u00e3o regional de equipamentos de prote\u00e7\u00e3o pessoal e outras suprimentos na Am\u00e9rica Latina depois de atrasos provocados pela dist\u00e2ncia e outros problemas, informou Molinaro.<\/p>\n<p>&#8220;Estamos cientes de (que houve) dificuldades para suprir a Am\u00e9rica Latina no in\u00edcio, e na \u00e9poca a quantidade de casos n\u00e3o era alta e est\u00e1vamos concentrados em outras \u00e1reas&#8221;, disse.<\/p>\n<p>&#8220;Certamente a situa\u00e7\u00e3o mudou e agora estamos em vias de planejar para que as pr\u00f3ximas aquisi\u00e7\u00f5es e volumes de levas que conseguirmos, ao menos de EPIs (equipamentos de prote\u00e7\u00e3o individual), siga naquela dire\u00e7\u00e3o, e dentro dos planos de exames tamb\u00e9m haver\u00e1 aloca\u00e7\u00e3o.&#8221;<\/p>\n<p>&nbsp;<\/p>\n<p><strong>Fonte:\u00a0<\/strong>Ag\u00eancia Brasil<\/p>\n","protected":false},"excerpt":{"rendered":"<p>A Organiza\u00e7\u00e3o Mundial da Sa\u00fade (OMS) pediu nesta ter\u00e7a-feira (28) uma quantidade maior de voos para acelerar as remessas de conjuntos de exames e equipamentos de prote\u00e7\u00e3o para \u00e1reas em que a Covid-19 est\u00e1 se disseminando, especialmente a Am\u00e9rica Latina O chefe de apoio operacional e log\u00edstica da OMS, Paul Molinaro, disse que as remessas [&hellip;]<\/p>\n","protected":false},"author":96,"featured_media":159197,"comment_status":"closed","ping_status":"closed","sticky":false,"template":"","format":"standard","meta":{"footnotes":""},"categories":[302,436,439],"tags":[],"class_list":["post-159196","post","type-post","status-publish","format-standard","has-post-thumbnail","hentry","category-brasil-mundo","category-destaque-da-semana","category-ultima-hora"],"_links":{"self":[{"href":"https:\/\/diarioregionaldigital.com.br\/index.php?rest_route=\/wp\/v2\/posts\/159196","targetHints":{"allow":["GET"]}}],"collection":[{"href":"https:\/\/diarioregionaldigital.com.br\/index.php?rest_route=\/wp\/v2\/posts"}],"about":[{"href":"https:\/\/diarioregionaldigital.com.br\/index.php?rest_route=\/wp\/v2\/types\/post"}],"author":[{"embeddable":true,"href":"https:\/\/diarioregionaldigital.com.br\/index.php?rest_route=\/wp\/v2\/users\/96"}],"replies":[{"embeddable":true,"href":"https:\/\/diarioregionaldigital.com.br\/index.php?rest_route=%2Fwp%2Fv2%2Fcomments&post=159196"}],"version-history":[{"count":0,"href":"https:\/\/diarioregionaldigital.com.br\/index.php?rest_route=\/wp\/v2\/posts\/159196\/revisions"}],"wp:featuredmedia":[{"embeddable":true,"href":"https:\/\/diarioregionaldigital.com.br\/index.php?rest_route=\/wp\/v2\/media\/159197"}],"wp:attachment":[{"href":"https:\/\/diarioregionaldigital.com.br\/index.php?rest_route=%2Fwp%2Fv2%2Fmedia&parent=159196"}],"wp:term":[{"taxonomy":"category","embeddable":true,"href":"https:\/\/diarioregionaldigital.com.br\/index.php?rest_route=%2Fwp%2Fv2%2Fcategories&post=159196"},{"taxonomy":"post_tag","embeddable":true,"href":"https:\/\/diarioregionaldigital.com.br\/index.php?rest_route=%2Fwp%2Fv2%2Ftags&post=159196"}],"curies":[{"name":"wp","href":"https:\/\/api.w.org\/{rel}","templated":true}]}}