{"id":159190,"date":"2020-04-28T14:04:46","date_gmt":"2020-04-28T17:04:46","guid":{"rendered":"https:\/\/diarioregionaldigital.com.br\/?p=159190"},"modified":"2020-04-28T14:04:46","modified_gmt":"2020-04-28T17:04:46","slug":"bolsonaro-nomeia-andre-mendonca-para-a-justica-e-ramagem-para-a-pf","status":"publish","type":"post","link":"https:\/\/diarioregionaldigital.com.br\/?p=159190","title":{"rendered":"Bolsonaro nomeia Andr\u00e9 Mendon\u00e7a para a Justi\u00e7a e Ramagem para a PF"},"content":{"rendered":"<p>Andr\u00e9 Luiz de Almeida Mendon\u00e7a e Alexandre Ramagem Rodrigues s\u00e3o nomeados ministro da Justi\u00e7a e Seguran\u00e7a P\u00fablica e diretor-geral da Pol\u00edcia Federal (PF), respectivamente. Os decretos assinados pelo presidente da Rep\u00fablica, Jair Bolsonaro, est\u00e3o publicados no <strong><em>Di\u00e1rio Oficial da Uni\u00e3o<\/em><\/strong> dessa ter\u00e7a-feira (28). Andr\u00e9 Mendon\u00e7a passa a ocupar o comando do minist\u00e9rio com a sa\u00edda de Sergio Moro e Alexandre Ramagem a chefia da PF no lugar de Maur\u00edcio Valeixo.<\/p>\n<p>Andr\u00e9 Mendon\u00e7a, de 46 anos, \u00e9 natural de Santos, em S\u00e3o Paulo, advogado, formado pela faculdade de direito de Bauru (SP). Ele tamb\u00e9m \u00e9 doutor em estado de direito e governan\u00e7a global e mestre em estrat\u00e9gias anticorrup\u00e7\u00e3o e pol\u00edticas de integridade pela Universidade de Salamanca, na Espanha; \u00e9 p\u00f3s-graduado em direito p\u00fablico pela Universidade de Bras\u00edlia.<\/p>\n<p>\u00c9 advogado da Uni\u00e3o desde 2000, tendo exercido, na institui\u00e7\u00e3o, os cargos de corregedor-geral da Advocacia da Uni\u00e3o e de diretor de Patrim\u00f4nio e Probidade, dentre outros. Recentemente, na Controladoria-Geral da Uni\u00e3o (CGU), como assessor especial do ministro, coordenou equipes de negocia\u00e7\u00e3o de acordos de leni\u00eancia celebrados pela Uni\u00e3o e empresas privadas.<\/p>\n<p>Alexandre Ramagem, que exercia o cargo de diretor da Ag\u00eancia Brasileira de Intelig\u00eancia (Abin), \u00e9 graduado em direito pela Pontif\u00edcia Universidade Cat\u00f3lica do Rio de Janeiro (PUC-Rio). Ingressou na Pol\u00edcia Federal (PF) em 2005 e atualmente \u00e9 delegado de classe especial. Sua primeira lota\u00e7\u00e3o foi na Superintend\u00eancia Regional da PF no estado de Roraima.<\/p>\n<p>Em 2007, ele foi nomeado delegado regional de Combate ao Crime Organizado. Ramagem foi transferido, em 2011, para a sede do PF em Bras\u00edlia, com a miss\u00e3o de criar e chefiar Unidade de Repress\u00e3o a Crimes contra a Pessoa. Em 2013, assumiu a chefia da Divis\u00e3o de Administra\u00e7\u00e3o de Recursos Humanos e, a partir de 2016, passou a chefiar a Divis\u00e3o de Estudos, Legisla\u00e7\u00f5es e Pareceres da PFl.<\/p>\n<p>Em 2017, tendo em conta a evolu\u00e7\u00e3o dos trabalhos da opera\u00e7\u00e3o Lava-Jato no Rio de Janeiro, Ramagem foi convidado a integrar a equipe de policiais federais respons\u00e1vel pela investiga\u00e7\u00e3o e Intelig\u00eancia de pol\u00edcia judici\u00e1ria no \u00e2mbito dessa opera\u00e7\u00e3o. A partir das atividades desenvolvidas, passou a coordenar o trabalho da PF junto ao Tribunal Regional Federal da 2\u00aa Regional, com sede no Rio de Janeiro.<\/p>\n<p>Em 2018, assumiu a Coordena\u00e7\u00e3o de Recursos Humanos da Pol\u00edcia Federal, na condi\u00e7\u00e3o de substituto do diretor de Gest\u00e3o de Pessoal. Em raz\u00e3o de seus conhecimentos operacionais nas \u00e1reas de seguran\u00e7a e Intelig\u00eancia, assumiu, ainda em 2018, a Coordena\u00e7\u00e3o de Seguran\u00e7a do ent\u00e3o candidato e atual presidente da Rep\u00fablica, Jair Bolsonaro.<\/p>\n<p>&nbsp;<\/p>\n<p><strong>Fonte:\u00a0<\/strong>Ag\u00eancia Brasil<\/p>\n","protected":false},"excerpt":{"rendered":"<p>Andr\u00e9 Luiz de Almeida Mendon\u00e7a e Alexandre Ramagem Rodrigues s\u00e3o nomeados ministro da Justi\u00e7a e Seguran\u00e7a P\u00fablica e diretor-geral da Pol\u00edcia Federal (PF), respectivamente. Os decretos assinados pelo presidente da Rep\u00fablica, Jair Bolsonaro, est\u00e3o publicados no Di\u00e1rio Oficial da Uni\u00e3o dessa ter\u00e7a-feira (28). Andr\u00e9 Mendon\u00e7a passa a ocupar o comando do minist\u00e9rio com a sa\u00edda [&hellip;]<\/p>\n","protected":false},"author":96,"featured_media":159191,"comment_status":"closed","ping_status":"closed","sticky":false,"template":"","format":"standard","meta":{"footnotes":""},"categories":[436,440,254,439],"tags":[],"class_list":["post-159190","post","type-post","status-publish","format-standard","has-post-thumbnail","hentry","category-destaque-da-semana","category-destaques-do-dia","category-politica","category-ultima-hora"],"_links":{"self":[{"href":"https:\/\/diarioregionaldigital.com.br\/index.php?rest_route=\/wp\/v2\/posts\/159190","targetHints":{"allow":["GET"]}}],"collection":[{"href":"https:\/\/diarioregionaldigital.com.br\/index.php?rest_route=\/wp\/v2\/posts"}],"about":[{"href":"https:\/\/diarioregionaldigital.com.br\/index.php?rest_route=\/wp\/v2\/types\/post"}],"author":[{"embeddable":true,"href":"https:\/\/diarioregionaldigital.com.br\/index.php?rest_route=\/wp\/v2\/users\/96"}],"replies":[{"embeddable":true,"href":"https:\/\/diarioregionaldigital.com.br\/index.php?rest_route=%2Fwp%2Fv2%2Fcomments&post=159190"}],"version-history":[{"count":0,"href":"https:\/\/diarioregionaldigital.com.br\/index.php?rest_route=\/wp\/v2\/posts\/159190\/revisions"}],"wp:featuredmedia":[{"embeddable":true,"href":"https:\/\/diarioregionaldigital.com.br\/index.php?rest_route=\/wp\/v2\/media\/159191"}],"wp:attachment":[{"href":"https:\/\/diarioregionaldigital.com.br\/index.php?rest_route=%2Fwp%2Fv2%2Fmedia&parent=159190"}],"wp:term":[{"taxonomy":"category","embeddable":true,"href":"https:\/\/diarioregionaldigital.com.br\/index.php?rest_route=%2Fwp%2Fv2%2Fcategories&post=159190"},{"taxonomy":"post_tag","embeddable":true,"href":"https:\/\/diarioregionaldigital.com.br\/index.php?rest_route=%2Fwp%2Fv2%2Ftags&post=159190"}],"curies":[{"name":"wp","href":"https:\/\/api.w.org\/{rel}","templated":true}]}}