{"id":159185,"date":"2020-04-28T13:59:01","date_gmt":"2020-04-28T16:59:01","guid":{"rendered":"https:\/\/diarioregionaldigital.com.br\/?p=159185"},"modified":"2020-04-28T13:59:01","modified_gmt":"2020-04-28T16:59:01","slug":"governo-de-minas-divulga-protocolos-sanitarios-para-retomada-de-atividades-economicas","status":"publish","type":"post","link":"https:\/\/diarioregionaldigital.com.br\/?p=159185","title":{"rendered":"Governo de Minas divulga protocolos sanit\u00e1rios para retomada de atividades econ\u00f4micas"},"content":{"rendered":"<p>A partir dessa ter\u00e7a-feira (28), prefeitos, empres\u00e1rios e a popula\u00e7\u00e3o mineira ter\u00e3o acesso aos protocolos sanit\u00e1rios criados pelo Governo de Minas para retomada consciente e segura das atividades econ\u00f4micas nos munic\u00edpios. A iniciativa faz do plano \u201cMinas Consciente \u2013 Retomando a economia do jeito certo\u201d, desenvolvido pelas secretarias de Estado de Desenvolvimento Econ\u00f4mico (Sede) e de Sa\u00fade (SES), que aborda a retomada gradual, progressiva e regionalizada, embasada em crit\u00e9rios e dados epidemiol\u00f3gicos, a partir de um monitoramento constante da situa\u00e7\u00e3o pand\u00eamica.<\/p>\n<p>O governador Romeu Zema reafirma que a principal preocupa\u00e7\u00e3o continua sendo preservar a sa\u00fade da popula\u00e7\u00e3o. \u201cNosso compromisso \u00e9 com a vida dos mineiros. Todos os protocolos est\u00e3o detalhados de forma que possam assegurar o funcionamento respons\u00e1vel dos estabelecimentos\u201d, assegura.<\/p>\n<p>Para garantir a seguran\u00e7a da popula\u00e7\u00e3o, os protocolos sanit\u00e1rios, que devem ser seguidos por todos cidad\u00e3os, foram divididos de acordo com as especificidades dos setores econ\u00f4micos, sendo organizados em orienta\u00e7\u00f5es b\u00e1sicas, comuns a todos, e orienta\u00e7\u00f5es espec\u00edficas, destinadas aos empres\u00e1rios e consumidores. Esses protocolos ser\u00e3o disponibilizados de forma progressiva, conforme indicadores de capacidade assistencial e de propaga\u00e7\u00e3o da doen\u00e7a.<\/p>\n<p>Com base nesses indicadores, o Minas Consciente montou uma matriz de risco, que segmenta as atividades econ\u00f4micas em quatro \u201condas\u201d, sendo: onda verde \u2013 servi\u00e7os essenciais; onda branca \u2013 baixo risco; onda amarela \u2013 m\u00e9dio risco; onda vermelha \u2013 alto risco. Vale salientar que, de acordo com os dados e an\u00e1lise do cen\u00e1rio epidemiol\u00f3gico, os segmentos podem mudar de onda. Existe, ainda, uma lista de setores econ\u00f4micos que, devido a seu grande risco de propaga\u00e7\u00e3o da doen\u00e7a, comp\u00f5e um grupo \u00e0 parte, que devem ter suas atividades retomadas somente ap\u00f3s normaliza\u00e7\u00e3o da situa\u00e7\u00e3o pand\u00eamica no Brasil.<\/p>\n<p>Essas ondas, com seus respectivos protocolos, ser\u00e3o disponibilizados, gradualmente, a come\u00e7ar pela onda verde (servi\u00e7os essenciais), que estar\u00e1 dispon\u00edvel no www.mg.gov.br\/minasconsciente e no aplicativo \u201cMG App Empresas\u201d. Os protocolos da onda branca (baixo risco) ser\u00e3o divulgados na quarta-feira (29). Os demais, ao longo dos pr\u00f3ximos dias.<\/p>\n<p>O secret\u00e1rio de Sa\u00fade Carlos Eduardo Amaral enfatizou que o objetivo do plano \u00e9 dar uma coordena\u00e7\u00e3o e um direcionamento aos prefeitos de todos os munic\u00edpios mineiros, com objetivo de alinhar as a\u00e7\u00f5es em todo o estado e facilitar a governan\u00e7a no enfrentamento da Covid 19. &#8220;Ressalto ainda a import\u00e2ncia de seguir mantendo os cuidados e as medidas de seguran\u00e7a, pois, ainda n\u00e3o vencemos esta guerra&#8221;, afirma.<\/p>\n<p>O secret\u00e1rio de Desenvolvimento Econ\u00f4mico C\u00e1ssio Rocha Azevedo refor\u00e7a que o Minas Consciente est\u00e1 embasado em dados cient\u00edficos, informa\u00e7\u00f5es t\u00e9cnicas e equipe qualificada para melhor orientar os prefeitos e prefeitas. \u201cO programa \u00e9 uma ferramenta para que a tomada de decis\u00e3o, que \u00e9 de responsabilidade dos munic\u00edpios, seja de forma consciente e progressiva. Assim, conseguiremos reaquecer a economia de Minas Gerais de forma segura para todos\u201d, afirma.<\/p>\n<p>A partir dessa iniciativa, o Governo de Minas busca conduzir a atua\u00e7\u00e3o no estado de forma coordenada, trazendo mais controle e efetividade para o enfrentamento da situa\u00e7\u00e3o atual. A ado\u00e7\u00e3o das medidas e a retomada das atividades econ\u00f4micas ficar\u00e3o a crit\u00e9rio dos gestores municipais, a partir de informa\u00e7\u00f5es fornecidas pelo governo estadual. Tamb\u00e9m cabe aos dirigentes das cidades o acompanhamento cont\u00ednuo de qualquer medida de flexibiliza\u00e7\u00e3o, para monitorar seus efeitos sobre a curva de tend\u00eancia de contamina\u00e7\u00e3o, com possibilidade de regress\u00e3o em caso de cen\u00e1rios adversos.<\/p>\n<p>&nbsp;<\/p>\n<p><strong>Fonte:\u00a0<\/strong>Ag\u00eancia Minas<\/p>\n","protected":false},"excerpt":{"rendered":"<p>A partir dessa ter\u00e7a-feira (28), prefeitos, empres\u00e1rios e a popula\u00e7\u00e3o mineira ter\u00e3o acesso aos protocolos sanit\u00e1rios criados pelo Governo de Minas para retomada consciente e segura das atividades econ\u00f4micas nos munic\u00edpios. A iniciativa faz do plano \u201cMinas Consciente \u2013 Retomando a economia do jeito certo\u201d, desenvolvido pelas secretarias de Estado de Desenvolvimento Econ\u00f4mico (Sede) e [&hellip;]<\/p>\n","protected":false},"author":96,"featured_media":157423,"comment_status":"closed","ping_status":"closed","sticky":false,"template":"","format":"standard","meta":{"footnotes":""},"categories":[436,261,439],"tags":[],"class_list":["post-159185","post","type-post","status-publish","format-standard","has-post-thumbnail","hentry","category-destaque-da-semana","category-economia","category-ultima-hora"],"_links":{"self":[{"href":"https:\/\/diarioregionaldigital.com.br\/index.php?rest_route=\/wp\/v2\/posts\/159185","targetHints":{"allow":["GET"]}}],"collection":[{"href":"https:\/\/diarioregionaldigital.com.br\/index.php?rest_route=\/wp\/v2\/posts"}],"about":[{"href":"https:\/\/diarioregionaldigital.com.br\/index.php?rest_route=\/wp\/v2\/types\/post"}],"author":[{"embeddable":true,"href":"https:\/\/diarioregionaldigital.com.br\/index.php?rest_route=\/wp\/v2\/users\/96"}],"replies":[{"embeddable":true,"href":"https:\/\/diarioregionaldigital.com.br\/index.php?rest_route=%2Fwp%2Fv2%2Fcomments&post=159185"}],"version-history":[{"count":0,"href":"https:\/\/diarioregionaldigital.com.br\/index.php?rest_route=\/wp\/v2\/posts\/159185\/revisions"}],"wp:featuredmedia":[{"embeddable":true,"href":"https:\/\/diarioregionaldigital.com.br\/index.php?rest_route=\/wp\/v2\/media\/157423"}],"wp:attachment":[{"href":"https:\/\/diarioregionaldigital.com.br\/index.php?rest_route=%2Fwp%2Fv2%2Fmedia&parent=159185"}],"wp:term":[{"taxonomy":"category","embeddable":true,"href":"https:\/\/diarioregionaldigital.com.br\/index.php?rest_route=%2Fwp%2Fv2%2Fcategories&post=159185"},{"taxonomy":"post_tag","embeddable":true,"href":"https:\/\/diarioregionaldigital.com.br\/index.php?rest_route=%2Fwp%2Fv2%2Ftags&post=159185"}],"curies":[{"name":"wp","href":"https:\/\/api.w.org\/{rel}","templated":true}]}}