{"id":159182,"date":"2020-04-28T13:56:57","date_gmt":"2020-04-28T16:56:57","guid":{"rendered":"https:\/\/diarioregionaldigital.com.br\/?p=159182"},"modified":"2020-04-28T13:56:57","modified_gmt":"2020-04-28T16:56:57","slug":"concessao-de-credito-para-as-empresas-cresceu-282-em-marco","status":"publish","type":"post","link":"https:\/\/diarioregionaldigital.com.br\/?p=159182","title":{"rendered":"Concess\u00e3o de cr\u00e9dito para as empresas cresceu 28,2% em mar\u00e7o"},"content":{"rendered":"<p>Com os efeitos econ\u00f4micos gerados pelas medidas de enfrentamento \u00e0 pandemia da covid-19, aumentou a procura por cr\u00e9dito em mar\u00e7o. De acordo com dados divulgados, hoje (28), pelo Banco Central (BC), enquanto as concess\u00f5es de cr\u00e9dito para as empresas subiram 28,2%, houve queda de 11,4% para as pessoas f\u00edsicas, comparado a fevereiro. Os dados s\u00e3o ajustados para o per\u00edodo (dessazonalizados).<\/p>\n<p>Segundo o chefe do Departamento de Estat\u00edsticas do BC, Fernando Rocha, os dados dessazonalizados s\u00e3o necess\u00e1rios para a an\u00e1lise porque fevereiro tem menos dias \u00fateis do que em mar\u00e7o. Al\u00e9m disso, em mar\u00e7o \u00e9 comum haver aumento da demanda das empresas por desconto de duplicata e antecipa\u00e7\u00e3o de fatura do cart\u00e3o de cr\u00e9dito. Mesmo assim, segundo ele, em mar\u00e7o o crescimento das concess\u00f5es dessas modalidades foi maior que o esperado, refletindo a necessidade de fluxo de caixa das empresas em meio \u00e0 pandemia.<\/p>\n<p>As concess\u00f5es de cr\u00e9dito para empresas e fam\u00edlias chegou a R$ 396,8 bilh\u00f5es em mar\u00e7o. No acumulado de 2020, comparado com o mesmo per\u00edodo do ano anterior (dados sem ajustes), houve expans\u00e3o de 27,6% nas concess\u00f5es de cr\u00e9dito \u00e0s empresas e de 11,4% para as fam\u00edlias.<\/p>\n<p><strong>Demanda<\/strong><\/p>\n<p>De acordo com Rocha, n\u00e3o h\u00e1 informa\u00e7\u00f5es sobre o valor total de pedido de empr\u00e9stimos pelas empresas e pessoas f\u00edsicas. \u201cS\u00f3 temos a informa\u00e7\u00e3o do cr\u00e9dito que foi efetivamente ofertado e podemos deduzir que houve aumento da demanda\u201d, explicou Rocha.<\/p>\n<p>Quanto as dificuldades relatadas por pequenas e m\u00e9dias empresas em terem acesso a cr\u00e9dito, Rocha disse que nos dados divulgados hoje n\u00e3o h\u00e1 segmenta\u00e7\u00e3o por porte das empresas. \u201cN\u00e3o temos informa\u00e7\u00f5es suficientes para afirmar ou negar\u201d, disse.<\/p>\n<p>As modalidades de empr\u00e9stimos s\u00e3o divididas em dois tipos, o cr\u00e9dito livre e o direcionado. No caso do cr\u00e9dito livre, os bancos t\u00eam autonomia para emprestar o dinheiro captado no mercado e definir as taxas de juros cobradas dos clientes. J\u00e1 o cr\u00e9dito direcionado tem regras definidas pelo governo, destinados, basicamente, aos setores habitacional, rural, de infraestrutura e ao microcr\u00e9dito.<\/p>\n<p><strong>Cr\u00e9dito livre<\/strong><\/p>\n<p>No caso do cr\u00e9dito livre &#8211; desconto de duplicatas, antecipa\u00e7\u00e3o de faturas de cart\u00e3o, capital de giro entre outros &#8211; para as empresas, as concess\u00f5es em mar\u00e7o chegaram a R$ 216,083 bilh\u00f5es, com crescimento de 33,5% (dado dessazonalizado), comparado ao m\u00eas anterior. Nos tr\u00eas meses do ano, na compara\u00e7\u00e3o com igual per\u00edodo de 2019, a expans\u00e3o chegou a 30%.<\/p>\n<p>\u201cNas opera\u00e7\u00f5es de desconto de duplicatas e na de antecipa\u00e7\u00e3o de fatura de cart\u00e3o, houve demanda acima do que seria de se esperar s\u00f3 por fatores sazonais\u201d, disse Rocha.<\/p>\n<p>J\u00e1 para as pessoas f\u00edsicas as concess\u00f5es do cr\u00e9dito livre &#8211; cheque especial, rotativo do cart\u00e3o e cr\u00e9dito pessoal, por exemplo &#8211; totalizaram R$ 153,911 bilh\u00f5es, em mar\u00e7o, queda de 12% em rela\u00e7\u00e3o ao m\u00eas anterior. No primeiro trimestre, comparado a igual per\u00edodo ao ano passado, o crescimento ficou em 10,6%.<\/p>\n<p>De acordo com Rocha, houve redu\u00e7\u00e3o nas concess\u00f5es de cr\u00e9dito para compra de carro e menor uso do cart\u00e3o de cr\u00e9dito \u00e0 vista. \u201cAs pessoas podem estar adiando a compra de bens dur\u00e1veis enquanto se vive momento de maior incerteza\u201d, disse Rocha.<\/p>\n<p><strong>Cr\u00e9dito direcionado<\/strong><\/p>\n<p>As concess\u00f5es do cr\u00e9dito direcionado para as empresas totalizou R$ 8,828 bilh\u00f5es, em mar\u00e7o, com expans\u00e3o de 16,7% em rela\u00e7\u00e3o ao m\u00eas anterior. No primeiro trimestre, comparado a igual per\u00edodo de 2019, houve queda de 11,6%.<\/p>\n<p>No caso das pessoas f\u00edsicas, as concess\u00f5es do cr\u00e9dito direcionado chegaram a R$ 17,961 bilh\u00f5es, em mar\u00e7o, com queda de 2,3% em mar\u00e7o e crescimento de 20,2% no acumulado do ano.<\/p>\n<p>&nbsp;<\/p>\n<p><strong>Fonte:\u00a0<\/strong>Ag\u00eancia Brasil<\/p>\n","protected":false},"excerpt":{"rendered":"<p>Com os efeitos econ\u00f4micos gerados pelas medidas de enfrentamento \u00e0 pandemia da covid-19, aumentou a procura por cr\u00e9dito em mar\u00e7o. De acordo com dados divulgados, hoje (28), pelo Banco Central (BC), enquanto as concess\u00f5es de cr\u00e9dito para as empresas subiram 28,2%, houve queda de 11,4% para as pessoas f\u00edsicas, comparado a fevereiro. Os dados s\u00e3o [&hellip;]<\/p>\n","protected":false},"author":96,"featured_media":159183,"comment_status":"closed","ping_status":"closed","sticky":false,"template":"","format":"standard","meta":{"footnotes":""},"categories":[436,261,439],"tags":[],"class_list":["post-159182","post","type-post","status-publish","format-standard","has-post-thumbnail","hentry","category-destaque-da-semana","category-economia","category-ultima-hora"],"_links":{"self":[{"href":"https:\/\/diarioregionaldigital.com.br\/index.php?rest_route=\/wp\/v2\/posts\/159182","targetHints":{"allow":["GET"]}}],"collection":[{"href":"https:\/\/diarioregionaldigital.com.br\/index.php?rest_route=\/wp\/v2\/posts"}],"about":[{"href":"https:\/\/diarioregionaldigital.com.br\/index.php?rest_route=\/wp\/v2\/types\/post"}],"author":[{"embeddable":true,"href":"https:\/\/diarioregionaldigital.com.br\/index.php?rest_route=\/wp\/v2\/users\/96"}],"replies":[{"embeddable":true,"href":"https:\/\/diarioregionaldigital.com.br\/index.php?rest_route=%2Fwp%2Fv2%2Fcomments&post=159182"}],"version-history":[{"count":0,"href":"https:\/\/diarioregionaldigital.com.br\/index.php?rest_route=\/wp\/v2\/posts\/159182\/revisions"}],"wp:featuredmedia":[{"embeddable":true,"href":"https:\/\/diarioregionaldigital.com.br\/index.php?rest_route=\/wp\/v2\/media\/159183"}],"wp:attachment":[{"href":"https:\/\/diarioregionaldigital.com.br\/index.php?rest_route=%2Fwp%2Fv2%2Fmedia&parent=159182"}],"wp:term":[{"taxonomy":"category","embeddable":true,"href":"https:\/\/diarioregionaldigital.com.br\/index.php?rest_route=%2Fwp%2Fv2%2Fcategories&post=159182"},{"taxonomy":"post_tag","embeddable":true,"href":"https:\/\/diarioregionaldigital.com.br\/index.php?rest_route=%2Fwp%2Fv2%2Ftags&post=159182"}],"curies":[{"name":"wp","href":"https:\/\/api.w.org\/{rel}","templated":true}]}}