{"id":159179,"date":"2020-04-28T13:47:40","date_gmt":"2020-04-28T16:47:40","guid":{"rendered":"https:\/\/diarioregionaldigital.com.br\/?p=159179"},"modified":"2020-04-28T13:47:40","modified_gmt":"2020-04-28T16:47:40","slug":"secretario-pede-atencao-quanto-a-circulacao-de-pessoas-nos-centros-urbanos","status":"publish","type":"post","link":"https:\/\/diarioregionaldigital.com.br\/?p=159179","title":{"rendered":"Secret\u00e1rio pede aten\u00e7\u00e3o quanto \u00e0 circula\u00e7\u00e3o de pessoas nos centros urbanos"},"content":{"rendered":"<p>Nessa segunda-feira (27), durante coletiva de imprensa on-line, o secret\u00e1rio de Estado de\u00a0Sa\u00fade, Carlos Eduardo Amaral, voltou a enfatizar a import\u00e2ncia das medidas de distanciamento social para controlar a dissemina\u00e7\u00e3o do coronav\u00edrus e, consequentemente, diminuir a intensidade de casos graves da Covid-19.<\/p>\n<p>Amaral destacou que foi verificado um retorno de atividades e a circula\u00e7\u00e3o de pessoas de maneira descoordenada. Segundo o gestor, as diretrizes estipuladas na pol\u00edtica estadual de retorno de atividades &#8211; programa Minas Consciente &#8211; \u00a0viriam corrigir algumas distor\u00e7\u00f5es e oferecer seguran\u00e7a.<\/p>\n<p>\u201cVimos ultimamente um aumento no fluxo de ve\u00edculos, por exemplo. N\u00f3s refor\u00e7amos a import\u00e2ncia das medidas de distanciamento social, para que n\u00e3o haja perda do que foi conseguido at\u00e9 agora, para que n\u00e3o se perca o controle sobre a doen\u00e7a. Devemos permanecer com os cuidados, para que n\u00e3o sigamos um trajeto que n\u00e3o queremos\u201d, alertou o secret\u00e1rio.<\/p>\n<p>Ao analisar o \u00faltimo Informe Epidemiol\u00f3gico publicado pela Secretaria de Estado de Sa\u00fade (SES-MG), Amaral apontou que Minas Gerais contabiliza 1.586 casos confirmados da Covid-19, com 62 mortes pela doen\u00e7a registradas. H\u00e1, ainda, 98 \u00f3bitos em investiga\u00e7\u00e3o e outros 362 j\u00e1 foram descartadas.<\/p>\n<p>Segundo Carlos Eduardo Amaral, o sistema de regula\u00e7\u00e3o de leitos da SES-MG, o SUSF\u00e1cil, registra, at\u00e9 ent\u00e3o, 105 casos de pacientes internados em UTI por suspeita de Covid-19, o que gera uma ocupa\u00e7\u00e3o espec\u00edfica de 4%. A taxa de ocupa\u00e7\u00e3o geral no Estado \u00e9 de 57%. Em rela\u00e7\u00e3o aos leitos de atendimento cl\u00ednico, h\u00e1 442 pessoas internadas. As taxas de ocupa\u00e7\u00e3o de leitos cl\u00ednicos espec\u00edficas para Covid-19 e em geral s\u00e3o 4% e 60%, respectivamente.<\/p>\n<p>De acordo com o secret\u00e1rio, todos os dados indicam que Minas Gerais apresenta n\u00fameros relativamente baixos em rela\u00e7\u00e3o \u00e0 doen\u00e7a, o que se traduz em uma curva epidemiol\u00f3gica tida por aceit\u00e1vel. \u201cO ideal seria n\u00e3o termos casos de Covid, o que n\u00e3o \u00e9 poss\u00edvel nesse momento. Esses n\u00fameros nos fazem ser agradecidos ao povo mineiro, que tem aderido ao distanciamento, o que faz com que alcancemos n\u00fameros de casos mais baixos. Mas, por outro lado, ficamos preocupados, pois pode-se gerar uma sensa\u00e7\u00e3o de tranquilidade. N\u00e3o vencemos a guerra ainda\u201d, comentou.<\/p>\n<p>O gestor entende que h\u00e1 v\u00e1rios fatores que ajudam a explicar uma velocidade menor de avan\u00e7o da doen\u00e7a em Minas Gerais. \u201cN\u00f3s tivemos uma pol\u00edtica de distanciamento iniciada logo ap\u00f3s a detec\u00e7\u00e3o da transmiss\u00e3o no territ\u00f3rio do estado\u201d, lembrou. Al\u00e9m disso, o secret\u00e1rio citou medidas de monitoramento tomadas em janeiro, como acompanhamento da situa\u00e7\u00e3o desde o dia 3 daquele m\u00eas e, posteriormente, a forma\u00e7\u00e3o do Centro de Opera\u00e7\u00f5es de Emerg\u00eancia em Sa\u00fade P\u00fablica (Coes Covid-19).<\/p>\n<p>Sobre o sistema de notifica\u00e7\u00e3o de \u00f3bitos, Amaral explicou que eventuais diverg\u00eancias em rela\u00e7\u00e3o \u00e0s informa\u00e7\u00f5es publicadas pelos munic\u00edpios s\u00e3o esperadas, uma vez que pode haver, por exemplo, lan\u00e7amento de casos em duplicidade por conta de registros feitos tanto pelas secretarias municipais quanto pelos servi\u00e7os de sa\u00fade. Ele tamb\u00e9m falou sobre o\u00a0tratamento das informa\u00e7\u00f5es de forma que ela possa ser efetivamente lan\u00e7ada no boletim estadual.<\/p>\n<p>\u201cN\u00f3s mantemos uma intera\u00e7\u00e3o com a equipe que efetuou a notifica\u00e7\u00e3o, de forma a buscar agregar informes cl\u00ednicos, se h\u00e1 exames ou n\u00e3o, entre outras medidas. Por essas raz\u00f5es, n\u00f3s entendemos se tratar de um processo em andamento, em que \u00e9 natural que haja necessidade de um ou dois dias para concluirmos esse trabalho e, eventualmente, pode ser necess\u00e1rio um pouco mais de tempo\u201d, disse.<\/p>\n<p><b>Minas Consciente<\/b><\/p>\n<p>O secret\u00e1rio adjunto de Sa\u00fade, Marcelo Cabral, destacou que o programa de retorno \u00e0s atividades que est\u00e3o paralisadas ser\u00e1 pautado por responsabilidade t\u00e9cnica e pondera\u00e7\u00e3o, para que os munic\u00edpios avaliem suas situa\u00e7\u00f5es e promovam\u00a0a reativa\u00e7\u00e3o de forma segura. \u201cS\u00e3o diretrizes, que buscam trabalhar com diferentes cen\u00e1rios, inclusive para a necessidade de nova interrup\u00e7\u00e3o, se for o caso\u201d.<\/p>\n<p>O secret\u00e1rio Carlos Eduardo Amaral acrescentou que h\u00e1 necessidade de se levar em conta o aspecto microrregional da rede de sa\u00fade acessada pelos munic\u00edpios, uma vez que h\u00e1, muitas vezes, interdepend\u00eancias entre eles. \u201cO programa vai nesse sentido, mirando o futuro, mas conscientes, para que saibamos o que fazer, divulgando aquilo que deve ser informado, para que a sociedade possa caminhar de maneira organizada\u201d.<\/p>\n<p>Tamb\u00e9m participou da entrevista coletiva o presidente do\u00a0Instituto de Previd\u00eancia dos Servidores do Estado de Minas Gerais (Ipsemg), Marcus Vin\u00edcius de Souza. Na ocasi\u00e3o, ele informou que, em rela\u00e7\u00e3o ao p\u00fablico atendido pela autarquia \u2013 que abrange os servidores estatut\u00e1rios e seus dependentes \u2013, foram feitos esfor\u00e7os para enfrentamento da epidemia, como recupera\u00e7\u00e3o dos atendimentos realizados pela rede credenciada e amplia\u00e7\u00e3o em 53% da capacidade dos leitos de UTI no Hospital Governador Israel Pinheiro, em Belo Horizonte. \u201cAcreditamos que esse processo de aumento ser\u00e1 conclu\u00eddo a tempo do enfrentamento do pico de casos projetado pela SES-MG\u201d, sinalizou.<\/p>\n<p>&nbsp;<\/p>\n<p><strong>Fonte:\u00a0<\/strong>Ag\u00eancia Minas<\/p>\n","protected":false},"excerpt":{"rendered":"<p>Nessa segunda-feira (27), durante coletiva de imprensa on-line, o secret\u00e1rio de Estado de\u00a0Sa\u00fade, Carlos Eduardo Amaral, voltou a enfatizar a import\u00e2ncia das medidas de distanciamento social para controlar a dissemina\u00e7\u00e3o do coronav\u00edrus e, consequentemente, diminuir a intensidade de casos graves da Covid-19. Amaral destacou que foi verificado um retorno de atividades e a circula\u00e7\u00e3o de [&hellip;]<\/p>\n","protected":false},"author":96,"featured_media":159180,"comment_status":"closed","ping_status":"closed","sticky":false,"template":"","format":"standard","meta":{"footnotes":""},"categories":[436,252,439],"tags":[],"class_list":["post-159179","post","type-post","status-publish","format-standard","has-post-thumbnail","hentry","category-destaque-da-semana","category-regiao","category-ultima-hora"],"_links":{"self":[{"href":"https:\/\/diarioregionaldigital.com.br\/index.php?rest_route=\/wp\/v2\/posts\/159179","targetHints":{"allow":["GET"]}}],"collection":[{"href":"https:\/\/diarioregionaldigital.com.br\/index.php?rest_route=\/wp\/v2\/posts"}],"about":[{"href":"https:\/\/diarioregionaldigital.com.br\/index.php?rest_route=\/wp\/v2\/types\/post"}],"author":[{"embeddable":true,"href":"https:\/\/diarioregionaldigital.com.br\/index.php?rest_route=\/wp\/v2\/users\/96"}],"replies":[{"embeddable":true,"href":"https:\/\/diarioregionaldigital.com.br\/index.php?rest_route=%2Fwp%2Fv2%2Fcomments&post=159179"}],"version-history":[{"count":0,"href":"https:\/\/diarioregionaldigital.com.br\/index.php?rest_route=\/wp\/v2\/posts\/159179\/revisions"}],"wp:featuredmedia":[{"embeddable":true,"href":"https:\/\/diarioregionaldigital.com.br\/index.php?rest_route=\/wp\/v2\/media\/159180"}],"wp:attachment":[{"href":"https:\/\/diarioregionaldigital.com.br\/index.php?rest_route=%2Fwp%2Fv2%2Fmedia&parent=159179"}],"wp:term":[{"taxonomy":"category","embeddable":true,"href":"https:\/\/diarioregionaldigital.com.br\/index.php?rest_route=%2Fwp%2Fv2%2Fcategories&post=159179"},{"taxonomy":"post_tag","embeddable":true,"href":"https:\/\/diarioregionaldigital.com.br\/index.php?rest_route=%2Fwp%2Fv2%2Ftags&post=159179"}],"curies":[{"name":"wp","href":"https:\/\/api.w.org\/{rel}","templated":true}]}}