{"id":159176,"date":"2020-04-28T13:41:36","date_gmt":"2020-04-28T16:41:36","guid":{"rendered":"https:\/\/diarioregionaldigital.com.br\/?p=159176"},"modified":"2020-04-28T13:41:36","modified_gmt":"2020-04-28T16:41:36","slug":"anvisa-aprova-testes-rapidos-para-covid-19-em-farmacias","status":"publish","type":"post","link":"https:\/\/diarioregionaldigital.com.br\/?p=159176","title":{"rendered":"Anvisa aprova testes r\u00e1pidos para covid-19 em farm\u00e1cias"},"content":{"rendered":"<p>A diretoria da Ag\u00eancia Nacional de Vigil\u00e2ncia Sanit\u00e1ria (Anvisa) aprovou hoje (28) a aplica\u00e7\u00e3o de testes r\u00e1pidos para a detec\u00e7\u00e3o do novo coronav\u00edrus (covid-19) em farm\u00e1cias. Com a decis\u00e3o, a realiza\u00e7\u00e3o deixar\u00e1 de ser feita apenas em ambiente hospitalar e cl\u00ednicas das redes p\u00fablicas e privadas.<\/p>\n<p>\u201cO aumento [dos testes] ser\u00e1 uma estrat\u00e9gia \u00fatil para diminuir a aglomera\u00e7\u00e3o de indiv\u00edduos [em hospitais] e tamb\u00e9m reduzir a procura dos servi\u00e7os m\u00e9dicos em estabelecimento das redes p\u00fablicas\u201d, disse o diretor presidente substituto da Anvisa, Antonio Barra Torres.<\/p>\n<p>As farm\u00e1cias n\u00e3o ser\u00e3o obrigadas a disponibilizar o teste. O estabelecimento que optar pelo procedimento dever\u00e1 ter profissional qualificado para realizar do exame.<\/p>\n<p>A realiza\u00e7\u00e3o dos exames n\u00e3o servir\u00e1 para a contagem de casos do coronav\u00edrus no pa\u00eds. Em seu voto, Barra Torres, que foi o relator do processo, destacou ainda que o teste n\u00e3o ter\u00e1 efeito de confirma\u00e7\u00e3o do diagn\u00f3stico para o coronav\u00edrus, uma vez que h\u00e1 a possibilidade de o teste apontar o chamado \u201cfalso negativo\u201d, quando o paciente \u00e9 testado ainda nos primeiros dias de sintomas.<\/p>\n<p>&#8220;Os testes imunocromatogr\u00e1ficos n\u00e3o possuem efic\u00e1cia confirmat\u00f3ria, s\u00e3o auxiliares. Os testes com resultados negativos n\u00e3o excluem a possibilidade de infec\u00e7\u00e3o e os positivos n\u00e3o devem ser usados como evid\u00eancia absoluta de infec\u00e7\u00e3o, devendo ser realizados outros exames laboratoriais confirmat\u00f3rios\u201d, disse.<\/p>\n<p>A libera\u00e7\u00e3o dos testes r\u00e1pidos em farm\u00e1cias enfrentava resist\u00eancias, devido a quest\u00f5es sanit\u00e1rias e ligadas tamb\u00e9m \u00e0 efic\u00e1cia dos exames. Ao comentar a aprova\u00e7\u00e3o da realiza\u00e7\u00e3o dos testes em farm\u00e1cias, Barra Torres lembrou que esses testes v\u00eam sendo feitos por determina\u00e7\u00e3o de alguns governos locais.<\/p>\n<p>A libera\u00e7\u00e3o desses testes ser\u00e1 tempor\u00e1ria e deve permanecer no per\u00edodo de emerg\u00eancia de sa\u00fade p\u00fablica nacional decretado pelo Minist\u00e9rio da Sa\u00fade em 4 de fevereiro deste ano.<\/p>\n<p>&nbsp;<\/p>\n<p><strong>Fonte:<\/strong>\u00a0Ag\u00eancia Brasil<\/p>\n","protected":false},"excerpt":{"rendered":"<p>A diretoria da Ag\u00eancia Nacional de Vigil\u00e2ncia Sanit\u00e1ria (Anvisa) aprovou hoje (28) a aplica\u00e7\u00e3o de testes r\u00e1pidos para a detec\u00e7\u00e3o do novo coronav\u00edrus (covid-19) em farm\u00e1cias. Com a decis\u00e3o, a realiza\u00e7\u00e3o deixar\u00e1 de ser feita apenas em ambiente hospitalar e cl\u00ednicas das redes p\u00fablicas e privadas. \u201cO aumento [dos testes] ser\u00e1 uma estrat\u00e9gia \u00fatil para [&hellip;]<\/p>\n","protected":false},"author":96,"featured_media":159177,"comment_status":"closed","ping_status":"closed","sticky":false,"template":"","format":"standard","meta":{"footnotes":""},"categories":[302,436,440,439],"tags":[],"class_list":["post-159176","post","type-post","status-publish","format-standard","has-post-thumbnail","hentry","category-brasil-mundo","category-destaque-da-semana","category-destaques-do-dia","category-ultima-hora"],"_links":{"self":[{"href":"https:\/\/diarioregionaldigital.com.br\/index.php?rest_route=\/wp\/v2\/posts\/159176","targetHints":{"allow":["GET"]}}],"collection":[{"href":"https:\/\/diarioregionaldigital.com.br\/index.php?rest_route=\/wp\/v2\/posts"}],"about":[{"href":"https:\/\/diarioregionaldigital.com.br\/index.php?rest_route=\/wp\/v2\/types\/post"}],"author":[{"embeddable":true,"href":"https:\/\/diarioregionaldigital.com.br\/index.php?rest_route=\/wp\/v2\/users\/96"}],"replies":[{"embeddable":true,"href":"https:\/\/diarioregionaldigital.com.br\/index.php?rest_route=%2Fwp%2Fv2%2Fcomments&post=159176"}],"version-history":[{"count":0,"href":"https:\/\/diarioregionaldigital.com.br\/index.php?rest_route=\/wp\/v2\/posts\/159176\/revisions"}],"wp:featuredmedia":[{"embeddable":true,"href":"https:\/\/diarioregionaldigital.com.br\/index.php?rest_route=\/wp\/v2\/media\/159177"}],"wp:attachment":[{"href":"https:\/\/diarioregionaldigital.com.br\/index.php?rest_route=%2Fwp%2Fv2%2Fmedia&parent=159176"}],"wp:term":[{"taxonomy":"category","embeddable":true,"href":"https:\/\/diarioregionaldigital.com.br\/index.php?rest_route=%2Fwp%2Fv2%2Fcategories&post=159176"},{"taxonomy":"post_tag","embeddable":true,"href":"https:\/\/diarioregionaldigital.com.br\/index.php?rest_route=%2Fwp%2Fv2%2Ftags&post=159176"}],"curies":[{"name":"wp","href":"https:\/\/api.w.org\/{rel}","templated":true}]}}