{"id":159174,"date":"2020-04-28T11:50:37","date_gmt":"2020-04-28T14:50:37","guid":{"rendered":"https:\/\/diarioregionaldigital.com.br\/?p=159174"},"modified":"2020-04-28T11:50:37","modified_gmt":"2020-04-28T14:50:37","slug":"estado-chega-a-71-mortes-por-coronavirus","status":"publish","type":"post","link":"https:\/\/diarioregionaldigital.com.br\/?p=159174","title":{"rendered":"Estado chega a 71 mortes por Coronav\u00edrus"},"content":{"rendered":"<p>A Secretaria de Estado da Sa\u00fade de Minas Gerais (SES-MG), confirmou nesta ter\u00e7a-feira (28), aumento para 71 mortes por Coronav\u00edrus pelo estado. Segundo o boletim, foram confirmadas mortes em M\u00e1rio Campos (idoso de 92 anos), Presidente Juscelino (idoso de 75 anos), Ipia\u00e7u (idoso de 81 anos), Capit\u00f3lio (idoso de 61 anos), Centralina (idoso de 80 anos), Belo Horizonte (homem de 54, idoso de 87 e idosa de 84 anos) e S\u00e3o Rom\u00e3o (idosa de 74 anos).<\/p>\n<p>Conforme o <a href=\"https:\/\/www.saude.mg.gov.br\/images\/noticias_e_eventos\/000_2020\/mar_abr_maio\/28.04.2020_Boletim_epidemiologico_COVID-19_MG.pdf\">levantamento<\/a>, Minas Gerais chega a 1.649 casos confirmados da doen\u00e7a e tem\u00a079.313 suspeitos.<\/p>\n<p>Os\u00a0dados atualizados\u00a0referentes a \u00f3bitos confirmados em Minas Gerais s\u00e3o: Araguari (1), Arax\u00e1 (1), Belmiro Braga (1), Belo Horizonte (14), Belo Vale (1), Bonfim (1), Capit\u00f3lio (1), Cataguases(1), Centralina (1), Contagem (2), Divin\u00f3polis (1), Espinosa (1), Extrema (1), Governador Valadares (3), Ipia\u00e7u (1), Itabira (1), Juiz de Fora (3), Mariana (1), M\u00e1rio Campos (1), Montes Claros (1), Morro da Gar\u00e7a (1), Nanuque (1), Nova Serrana (1), Novo Cruzeiro (1), Ouro Fino (1), Parais\u00f3polis (2), Patos de Minas (1), Patroc\u00ednio (1), Piumhi (1), Po\u00e7os de Caldas (1), Pouso Alegre (2), Santos Dumont (1), S\u00e3o Francisco (1), S\u00e3o Geraldo da Piedade (1), S\u00e3o Rom\u00e3o (1), S\u00e3o Sebasti\u00e3o do Para\u00edso (1), S\u00e3o Tom\u00e1s de Aquino (1), Tr\u00eas Pontas (1), Uberaba (3), Uberl\u00e2ndia (7), Varginha (1) e Varzel\u00e2ndia (1).<\/p>\n","protected":false},"excerpt":{"rendered":"<p>A Secretaria de Estado da Sa\u00fade de Minas Gerais (SES-MG), confirmou nesta ter\u00e7a-feira (28), aumento para 71 mortes por Coronav\u00edrus pelo estado. Segundo o boletim, foram confirmadas mortes em M\u00e1rio Campos (idoso de 92 anos), Presidente Juscelino (idoso de 75 anos), Ipia\u00e7u (idoso de 81 anos), Capit\u00f3lio (idoso de 61 anos), Centralina (idoso de 80 [&hellip;]<\/p>\n","protected":false},"author":96,"featured_media":157069,"comment_status":"closed","ping_status":"closed","sticky":false,"template":"","format":"standard","meta":{"footnotes":""},"categories":[436,440,252,439],"tags":[],"class_list":["post-159174","post","type-post","status-publish","format-standard","has-post-thumbnail","hentry","category-destaque-da-semana","category-destaques-do-dia","category-regiao","category-ultima-hora"],"_links":{"self":[{"href":"https:\/\/diarioregionaldigital.com.br\/index.php?rest_route=\/wp\/v2\/posts\/159174","targetHints":{"allow":["GET"]}}],"collection":[{"href":"https:\/\/diarioregionaldigital.com.br\/index.php?rest_route=\/wp\/v2\/posts"}],"about":[{"href":"https:\/\/diarioregionaldigital.com.br\/index.php?rest_route=\/wp\/v2\/types\/post"}],"author":[{"embeddable":true,"href":"https:\/\/diarioregionaldigital.com.br\/index.php?rest_route=\/wp\/v2\/users\/96"}],"replies":[{"embeddable":true,"href":"https:\/\/diarioregionaldigital.com.br\/index.php?rest_route=%2Fwp%2Fv2%2Fcomments&post=159174"}],"version-history":[{"count":0,"href":"https:\/\/diarioregionaldigital.com.br\/index.php?rest_route=\/wp\/v2\/posts\/159174\/revisions"}],"wp:featuredmedia":[{"embeddable":true,"href":"https:\/\/diarioregionaldigital.com.br\/index.php?rest_route=\/wp\/v2\/media\/157069"}],"wp:attachment":[{"href":"https:\/\/diarioregionaldigital.com.br\/index.php?rest_route=%2Fwp%2Fv2%2Fmedia&parent=159174"}],"wp:term":[{"taxonomy":"category","embeddable":true,"href":"https:\/\/diarioregionaldigital.com.br\/index.php?rest_route=%2Fwp%2Fv2%2Fcategories&post=159174"},{"taxonomy":"post_tag","embeddable":true,"href":"https:\/\/diarioregionaldigital.com.br\/index.php?rest_route=%2Fwp%2Fv2%2Ftags&post=159174"}],"curies":[{"name":"wp","href":"https:\/\/api.w.org\/{rel}","templated":true}]}}