{"id":159091,"date":"2020-04-27T15:26:12","date_gmt":"2020-04-27T18:26:12","guid":{"rendered":"https:\/\/diarioregionaldigital.com.br\/?p=159091"},"modified":"2020-04-27T15:26:12","modified_gmt":"2020-04-27T18:26:12","slug":"mercado-financeiro-projeta-queda-de-334-na-economia-este-ano","status":"publish","type":"post","link":"https:\/\/diarioregionaldigital.com.br\/?p=159091","title":{"rendered":"Mercado financeiro projeta queda de 3,34% na economia este ano"},"content":{"rendered":"<p>A previs\u00e3o de queda da economia este ano est\u00e1 cada vez maior, devido aos efeitos de medidas de isolamento social necess\u00e1rias para o enfrentamento da pandemia de covid-19. Pela 11\u00aa semana seguida, as institui\u00e7\u00f5es financeiras revisaram a proje\u00e7\u00e3o de queda do Produto Interno Bruto (PIB), soma dos bens e servi\u00e7os produzidos no pa\u00eds. Desta vez, a estimativa de queda passou de 2,96% para 3,34%.<\/p>\n<p>A informa\u00e7\u00e3o consta do boletim Focus, com proje\u00e7\u00f5es de institui\u00e7\u00f5es financeiras para os principais indicadores econ\u00f4micos, divulgado \u00e0s segundas-feiras pelo Banco Central (BC). A previs\u00e3o do mercado financeiro para o PIB de 2021 \u00e9 de crescimento de 3%. A previs\u00e3o anterior era 3,10%. Para 2022 e 2023, a previs\u00e3o de crescimento continua em 2,50%.<\/p>\n<p><strong>D\u00f3lar<\/strong><\/p>\n<p>A previs\u00e3o para cota\u00e7\u00e3o do d\u00f3lar \u00e9 R$ 4,80, no final de 2020, a mesma estimativa da semana passada. E para o fim do pr\u00f3ximo ano, a expectativa \u00e9 R$ 4,55, ante R$ 4,50 da previs\u00e3o anterior.<\/p>\n<p><strong>Infla\u00e7\u00e3o<\/strong><\/p>\n<p>As institui\u00e7\u00f5es financeiras consultadas pelo BC reduziram a previs\u00e3o de infla\u00e7\u00e3o de 2020, pela s\u00e9tima vez seguida. A proje\u00e7\u00e3o para o \u00cdndice Nacional de Pre\u00e7os ao Consumidor Amplo (IPCA) caiu de 2,23% para 2,20%. Para 2021, a estimativa de infla\u00e7\u00e3o tamb\u00e9m foi mantida em 3,40%. A previs\u00e3o para 2022 e 2023, n\u00e3o teve altera\u00e7\u00f5es e permanece em 3,50%.<\/p>\n<p>A proje\u00e7\u00e3o para 2020 est\u00e1 abaixo da meta de infla\u00e7\u00e3o que deve ser perseguida pelo BC. A meta, definida pelo Conselho Monet\u00e1rio Nacional, \u00e9 4% em 2020, com intervalo de toler\u00e2ncia de 1,5 ponto percentual para cima ou para baixo. Ou seja, o limite inferior \u00e9 2,5% e o superior, 5,5%. Para 2021, a meta \u00e9 3,75% e para 2022, 3,50%, tamb\u00e9m com intervalo de 1,5 ponto percentual em cada ano.<\/p>\n<p><strong>Selic<\/strong><\/p>\n<p>Para alcan\u00e7ar a meta de infla\u00e7\u00e3o, o Banco Central usa como principal instrumento a taxa b\u00e1sica de juros, a Selic, estabelecida atualmente em 3,75% ao ano pelo Comit\u00ea de Pol\u00edtica Monet\u00e1ria (Copom).<\/p>\n<p>Segundo o BC, para o mercado financeiro, a expectativa \u00e9 que a Selic tenha mais duas redu\u00e7\u00f5es, de 0,25 ponto percentual cada, em maio e junho, encerrando 2020 em 3% ao ano, a mesma previs\u00e3o da semana passada.<\/p>\n<p>Para o fim de 2021, a expectativa \u00e9 que a taxa b\u00e1sica chegue a 4,25% ao ano. A previs\u00e3o anterior era de 4,50% ao ano. Para o fim de 2022, a previs\u00e3o est\u00e1 em 5,88% ao ano, ante 6% ao ano, na semana passada. Ao final de 2023, as institui\u00e7\u00f5es mantiveram a previs\u00e3o em 6% ao ano.<\/p>\n<p>Quando o Copom reduz a Selic, a tend\u00eancia \u00e9 que o cr\u00e9dito fique mais barato, com incentivo \u00e0 produ\u00e7\u00e3o e ao consumo, reduzindo o controle da infla\u00e7\u00e3o e estimulando a atividade econ\u00f4mica. Quando o Copom aumenta a taxa b\u00e1sica de juros, o objetivo \u00e9 conter a demanda aquecida, e isso causa reflexos nos pre\u00e7os porque os juros mais altos encarecem o cr\u00e9dito e estimulam a poupan\u00e7a.<\/p>\n<p>&nbsp;<\/p>\n<p><strong>Fonte:\u00a0<\/strong>Ag\u00eancia Brasil<\/p>\n","protected":false},"excerpt":{"rendered":"<p>A previs\u00e3o de queda da economia este ano est\u00e1 cada vez maior, devido aos efeitos de medidas de isolamento social necess\u00e1rias para o enfrentamento da pandemia de covid-19. Pela 11\u00aa semana seguida, as institui\u00e7\u00f5es financeiras revisaram a proje\u00e7\u00e3o de queda do Produto Interno Bruto (PIB), soma dos bens e servi\u00e7os produzidos no pa\u00eds. Desta vez, [&hellip;]<\/p>\n","protected":false},"author":96,"featured_media":159092,"comment_status":"closed","ping_status":"closed","sticky":false,"template":"","format":"standard","meta":{"footnotes":""},"categories":[436,261,439],"tags":[],"class_list":["post-159091","post","type-post","status-publish","format-standard","has-post-thumbnail","hentry","category-destaque-da-semana","category-economia","category-ultima-hora"],"_links":{"self":[{"href":"https:\/\/diarioregionaldigital.com.br\/index.php?rest_route=\/wp\/v2\/posts\/159091","targetHints":{"allow":["GET"]}}],"collection":[{"href":"https:\/\/diarioregionaldigital.com.br\/index.php?rest_route=\/wp\/v2\/posts"}],"about":[{"href":"https:\/\/diarioregionaldigital.com.br\/index.php?rest_route=\/wp\/v2\/types\/post"}],"author":[{"embeddable":true,"href":"https:\/\/diarioregionaldigital.com.br\/index.php?rest_route=\/wp\/v2\/users\/96"}],"replies":[{"embeddable":true,"href":"https:\/\/diarioregionaldigital.com.br\/index.php?rest_route=%2Fwp%2Fv2%2Fcomments&post=159091"}],"version-history":[{"count":0,"href":"https:\/\/diarioregionaldigital.com.br\/index.php?rest_route=\/wp\/v2\/posts\/159091\/revisions"}],"wp:featuredmedia":[{"embeddable":true,"href":"https:\/\/diarioregionaldigital.com.br\/index.php?rest_route=\/wp\/v2\/media\/159092"}],"wp:attachment":[{"href":"https:\/\/diarioregionaldigital.com.br\/index.php?rest_route=%2Fwp%2Fv2%2Fmedia&parent=159091"}],"wp:term":[{"taxonomy":"category","embeddable":true,"href":"https:\/\/diarioregionaldigital.com.br\/index.php?rest_route=%2Fwp%2Fv2%2Fcategories&post=159091"},{"taxonomy":"post_tag","embeddable":true,"href":"https:\/\/diarioregionaldigital.com.br\/index.php?rest_route=%2Fwp%2Fv2%2Ftags&post=159091"}],"curies":[{"name":"wp","href":"https:\/\/api.w.org\/{rel}","templated":true}]}}