{"id":159088,"date":"2020-04-27T13:15:14","date_gmt":"2020-04-27T16:15:14","guid":{"rendered":"https:\/\/diarioregionaldigital.com.br\/?p=159088"},"modified":"2020-04-27T13:15:42","modified_gmt":"2020-04-27T16:15:42","slug":"seis-em-cada-dez-pessoas-defendem-isolamento-social-aponta-enquete-do-datasenado","status":"publish","type":"post","link":"https:\/\/diarioregionaldigital.com.br\/?p=159088","title":{"rendered":"Seis em cada dez pessoas defendem isolamento social, aponta enquete do DataSenado"},"content":{"rendered":"<p>O DataSenado divulgou, na quinta-feira (23), os resultados de uma enquete com a opini\u00e3o de 3,8 mil pessoas sobre temas relacionados ao novo coronav\u00edrus. Seis em cada dez pessoas entrevistadas apoiam a quarentena e 77% consideram a situa\u00e7\u00e3o atual muito grave.<\/p>\n<p>Laura Nascimento, coordenadora do DataSenado, explica que os resultados devem ser analisados como fruto de ideias das pessoas entrevistadas e n\u00e3o como uma pesquisa de opini\u00e3o que registre a realidade. Mesmo assim, ela acredita que os n\u00fameros s\u00e3o relevantes.<\/p>\n<p>Outro resultado da enquete aponta que 61% dos entrevistados n\u00e3o consideram o sistema de sa\u00fade brasileiro preparado para lidar com a crise gerada pela covid-19. 90% de quem respondeu \u00e0s perguntas citam evitar contato social e lavar a m\u00e3o frequentemente como os m\u00e9todos mais efetivos de preven\u00e7\u00e3o ao cont\u00e1gio.<\/p>\n<p><strong>Outras sondagens<\/strong><\/p>\n<p>O DataSenado tamb\u00e9m divulga boletins mensais com pesquisas de opini\u00e3o pelo mundo relacionadas a assuntos do momento. No relat\u00f3rio de abril, \u00e9 poss\u00edvel conhecer resultados sobre a percep\u00e7\u00e3o do coronav\u00edrus no planeta, consumo de not\u00edcias sobre a pandemia, atua\u00e7\u00e3o dos profissionais de sa\u00fade e o futuro ap\u00f3s a covid-19.<\/p>\n<p>O \u00f3rg\u00e3o ainda convida os interessados a participar de uma nova enquete sobre os projetos de lei que se relacionam com o combate ao novo coronav\u00edrus. Al\u00e9m de perguntas sobre propostas como o projeto de lei 1.166\/2020, que congela juros aplicados sobre d\u00edvidas de cart\u00e3o de cr\u00e9dito e do cheque especial, o\u00a0question\u00e1rio\u00a0permite manifesta\u00e7\u00f5es livres e abertas de quem participar.<\/p>\n<p>&nbsp;<\/p>\n<p><strong>Fonte:\u00a0<\/strong>Ag\u00eancia Senado<\/p>\n","protected":false},"excerpt":{"rendered":"<p>O DataSenado divulgou, na quinta-feira (23), os resultados de uma enquete com a opini\u00e3o de 3,8 mil pessoas sobre temas relacionados ao novo coronav\u00edrus. Seis em cada dez pessoas entrevistadas apoiam a quarentena e 77% consideram a situa\u00e7\u00e3o atual muito grave. Laura Nascimento, coordenadora do DataSenado, explica que os resultados devem ser analisados como fruto [&hellip;]<\/p>\n","protected":false},"author":96,"featured_media":157577,"comment_status":"closed","ping_status":"closed","sticky":false,"template":"","format":"standard","meta":{"footnotes":""},"categories":[436,440,254,439],"tags":[],"class_list":["post-159088","post","type-post","status-publish","format-standard","has-post-thumbnail","hentry","category-destaque-da-semana","category-destaques-do-dia","category-politica","category-ultima-hora"],"_links":{"self":[{"href":"https:\/\/diarioregionaldigital.com.br\/index.php?rest_route=\/wp\/v2\/posts\/159088","targetHints":{"allow":["GET"]}}],"collection":[{"href":"https:\/\/diarioregionaldigital.com.br\/index.php?rest_route=\/wp\/v2\/posts"}],"about":[{"href":"https:\/\/diarioregionaldigital.com.br\/index.php?rest_route=\/wp\/v2\/types\/post"}],"author":[{"embeddable":true,"href":"https:\/\/diarioregionaldigital.com.br\/index.php?rest_route=\/wp\/v2\/users\/96"}],"replies":[{"embeddable":true,"href":"https:\/\/diarioregionaldigital.com.br\/index.php?rest_route=%2Fwp%2Fv2%2Fcomments&post=159088"}],"version-history":[{"count":0,"href":"https:\/\/diarioregionaldigital.com.br\/index.php?rest_route=\/wp\/v2\/posts\/159088\/revisions"}],"wp:featuredmedia":[{"embeddable":true,"href":"https:\/\/diarioregionaldigital.com.br\/index.php?rest_route=\/wp\/v2\/media\/157577"}],"wp:attachment":[{"href":"https:\/\/diarioregionaldigital.com.br\/index.php?rest_route=%2Fwp%2Fv2%2Fmedia&parent=159088"}],"wp:term":[{"taxonomy":"category","embeddable":true,"href":"https:\/\/diarioregionaldigital.com.br\/index.php?rest_route=%2Fwp%2Fv2%2Fcategories&post=159088"},{"taxonomy":"post_tag","embeddable":true,"href":"https:\/\/diarioregionaldigital.com.br\/index.php?rest_route=%2Fwp%2Fv2%2Ftags&post=159088"}],"curies":[{"name":"wp","href":"https:\/\/api.w.org\/{rel}","templated":true}]}}