{"id":159086,"date":"2020-04-27T11:08:38","date_gmt":"2020-04-27T14:08:38","guid":{"rendered":"https:\/\/diarioregionaldigital.com.br\/?p=159086"},"modified":"2020-04-27T11:08:38","modified_gmt":"2020-04-27T14:08:38","slug":"covid-19-saude-confirma-primeira-morte-em-araguari","status":"publish","type":"post","link":"https:\/\/diarioregionaldigital.com.br\/?p=159086","title":{"rendered":"Covid-19: sa\u00fade confirma primeira morte em Araguari"},"content":{"rendered":"<p>A Secretaria de Estado da Sa\u00fade de Minas Gerais (SES-MG), confirmou o primeiro caso de \u00f3bito causado por Coronav\u00edrus na cidade de Araguari. At\u00e9 o momento s\u00e3o seis pacientes diagnosticados com a doen\u00e7a na cidade do Tri\u00e2ngulo Mineiro. Conforme o novo <a href=\"https:\/\/www.saude.mg.gov.br\/images\/noticias_e_eventos\/000_2020\/Boletins_Corona\/27.04.2020_Boletim_epidemiologico_COVID-19_MG.pdf\">boletim epidemiol\u00f3gico<\/a>, houve aumento para 62 o n\u00famero de \u00f3bitos em Minas Gerais, com 1.586 casos confirmados da doen\u00e7a.<\/p>\n<p>Os\u00a0dados atualizados\u00a0referentes a \u00f3bitos confirmados em Minas Gerais s\u00e3o: Araguari (1), Arax\u00e1 (1), Belmiro Braga (1), Belo Horizonte (11), Belo Vale (1), Bonfim (1), Cataguases(1), Contagem (2), Divin\u00f3polis (1), Espinosa (1), Extrema (1), Governador Valadares (3), Itabira (1), Juiz de Fora (3), Mariana (1), Montes Claros (1), Morro da Gar\u00e7a (1), Nanuque (1), Nova Serrana (1), Novo Cruzeiro (1), Ouro Fino (1), Parais\u00f3polis (2), Patos de Minas (1), Patroc\u00ednio (1), Piumhi (1), Po\u00e7os de Caldas (1), Pouso Alegre (2), Santos Dumont (1), S\u00e3o Francisco (1), S\u00e3o Geraldo da Piedade (1), S\u00e3o Sebasti\u00e3o do Para\u00edso (1), S\u00e3o Tom\u00e1s de Aquino (1), Tr\u00eas Pontas (1), Uberaba (3), Uberl\u00e2ndia (7), Varginha (1) e Varzel\u00e2ndia (1).<\/p>\n<p>&nbsp;<\/p>\n","protected":false},"excerpt":{"rendered":"<p>A Secretaria de Estado da Sa\u00fade de Minas Gerais (SES-MG), confirmou o primeiro caso de \u00f3bito causado por Coronav\u00edrus na cidade de Araguari. At\u00e9 o momento s\u00e3o seis pacientes diagnosticados com a doen\u00e7a na cidade do Tri\u00e2ngulo Mineiro. Conforme o novo boletim epidemiol\u00f3gico, houve aumento para 62 o n\u00famero de \u00f3bitos em Minas Gerais, com [&hellip;]<\/p>\n","protected":false},"author":96,"featured_media":156635,"comment_status":"closed","ping_status":"closed","sticky":false,"template":"","format":"standard","meta":{"footnotes":""},"categories":[436,440,252,439],"tags":[],"class_list":["post-159086","post","type-post","status-publish","format-standard","has-post-thumbnail","hentry","category-destaque-da-semana","category-destaques-do-dia","category-regiao","category-ultima-hora"],"_links":{"self":[{"href":"https:\/\/diarioregionaldigital.com.br\/index.php?rest_route=\/wp\/v2\/posts\/159086","targetHints":{"allow":["GET"]}}],"collection":[{"href":"https:\/\/diarioregionaldigital.com.br\/index.php?rest_route=\/wp\/v2\/posts"}],"about":[{"href":"https:\/\/diarioregionaldigital.com.br\/index.php?rest_route=\/wp\/v2\/types\/post"}],"author":[{"embeddable":true,"href":"https:\/\/diarioregionaldigital.com.br\/index.php?rest_route=\/wp\/v2\/users\/96"}],"replies":[{"embeddable":true,"href":"https:\/\/diarioregionaldigital.com.br\/index.php?rest_route=%2Fwp%2Fv2%2Fcomments&post=159086"}],"version-history":[{"count":0,"href":"https:\/\/diarioregionaldigital.com.br\/index.php?rest_route=\/wp\/v2\/posts\/159086\/revisions"}],"wp:featuredmedia":[{"embeddable":true,"href":"https:\/\/diarioregionaldigital.com.br\/index.php?rest_route=\/wp\/v2\/media\/156635"}],"wp:attachment":[{"href":"https:\/\/diarioregionaldigital.com.br\/index.php?rest_route=%2Fwp%2Fv2%2Fmedia&parent=159086"}],"wp:term":[{"taxonomy":"category","embeddable":true,"href":"https:\/\/diarioregionaldigital.com.br\/index.php?rest_route=%2Fwp%2Fv2%2Fcategories&post=159086"},{"taxonomy":"post_tag","embeddable":true,"href":"https:\/\/diarioregionaldigital.com.br\/index.php?rest_route=%2Fwp%2Fv2%2Ftags&post=159086"}],"curies":[{"name":"wp","href":"https:\/\/api.w.org\/{rel}","templated":true}]}}