{"id":159083,"date":"2020-04-27T10:57:32","date_gmt":"2020-04-27T13:57:32","guid":{"rendered":"https:\/\/diarioregionaldigital.com.br\/?p=159083"},"modified":"2020-04-27T10:57:32","modified_gmt":"2020-04-27T13:57:32","slug":"pcmg-alerta-para-golpe-de-site-falso-de-leilao","status":"publish","type":"post","link":"https:\/\/diarioregionaldigital.com.br\/?p=159083","title":{"rendered":"PCMG alerta para golpe de site falso de leil\u00e3o"},"content":{"rendered":"<p>A Pol\u00edcia Civil de Minas Gerais alerta para o golpe de um site de falso leil\u00e3o que usa indevidamente o nome e logo do Departamento de Tr\u00e2nsito de Minas Gerais ( Detran-MG), assim como endere\u00e7o de p\u00e1tio credenciado pelo \u00f3rg\u00e3o.<\/p>\n<p>O Detran-MG n\u00e3o possui qualquer v\u00ednculo com o site www.detranmgleil\u00e3o.com e j\u00e1 solicitou a retirada do endere\u00e7o eletr\u00f4nico do ar, assim como a investiga\u00e7\u00e3o de quem est\u00e1 por tr\u00e1s do golpe. O \u00f3rg\u00e3o tamb\u00e9m ressalta n\u00e3o realiza leil\u00f5es virtuais.<\/p>\n<p>O site falso solicita dados pessoais do interessado, al\u00e9m de apresentar ve\u00edculos de luxo com pre\u00e7os muito abaixo do praticado, o que pode atrair a aten\u00e7\u00e3o do poss\u00edvel comprador, levando a realizar dep\u00f3sito sem qualquer garantia.<\/p>\n<p>Os ve\u00edculos leiloados pelo Detran-MG s\u00e3o provenientes de apreens\u00e3o ou remo\u00e7\u00e3o, n\u00e3o reclamados por seus propriet\u00e1rios no prazo de 60 dias, conforme artigo 328 do C\u00f3digo de Tr\u00e2nsito Brasileiro.Todos os preg\u00f5es s\u00e3o organizados diretamente pelas comiss\u00f5es de leil\u00e3o das Circunscri\u00e7\u00f5es Regionais de Tr\u00e2nsito da PCMG e t\u00eam edital publicado no site oficial www.detran.mg.gov.br, onde podem ser conferidos os dados dos lotes, p\u00e1tios, dias e hor\u00e1rios de visita\u00e7\u00e3o e as respectivas regras.<\/p>\n<p>Para evitar cair em golpes, a PCMG orienta aos interessados que busquem informa\u00e7\u00f5es por meio de canais oficiais. No caso do Detran-MG, o cidad\u00e3o pode acessar o portal oficial ou ligar para o telefone 155.<\/p>\n<p>&nbsp;<\/p>\n<p><strong>Fonte:\u00a0<\/strong>Assessoria<\/p>\n","protected":false},"excerpt":{"rendered":"<p>A Pol\u00edcia Civil de Minas Gerais alerta para o golpe de um site de falso leil\u00e3o que usa indevidamente o nome e logo do Departamento de Tr\u00e2nsito de Minas Gerais ( Detran-MG), assim como endere\u00e7o de p\u00e1tio credenciado pelo \u00f3rg\u00e3o. O Detran-MG n\u00e3o possui qualquer v\u00ednculo com o site www.detranmgleil\u00e3o.com e j\u00e1 solicitou a retirada [&hellip;]<\/p>\n","protected":false},"author":96,"featured_media":159084,"comment_status":"closed","ping_status":"closed","sticky":false,"template":"","format":"standard","meta":{"footnotes":""},"categories":[301,436,439],"tags":[],"class_list":["post-159083","post","type-post","status-publish","format-standard","has-post-thumbnail","hentry","category-artigos-policiais","category-destaque-da-semana","category-ultima-hora"],"_links":{"self":[{"href":"https:\/\/diarioregionaldigital.com.br\/index.php?rest_route=\/wp\/v2\/posts\/159083","targetHints":{"allow":["GET"]}}],"collection":[{"href":"https:\/\/diarioregionaldigital.com.br\/index.php?rest_route=\/wp\/v2\/posts"}],"about":[{"href":"https:\/\/diarioregionaldigital.com.br\/index.php?rest_route=\/wp\/v2\/types\/post"}],"author":[{"embeddable":true,"href":"https:\/\/diarioregionaldigital.com.br\/index.php?rest_route=\/wp\/v2\/users\/96"}],"replies":[{"embeddable":true,"href":"https:\/\/diarioregionaldigital.com.br\/index.php?rest_route=%2Fwp%2Fv2%2Fcomments&post=159083"}],"version-history":[{"count":0,"href":"https:\/\/diarioregionaldigital.com.br\/index.php?rest_route=\/wp\/v2\/posts\/159083\/revisions"}],"wp:featuredmedia":[{"embeddable":true,"href":"https:\/\/diarioregionaldigital.com.br\/index.php?rest_route=\/wp\/v2\/media\/159084"}],"wp:attachment":[{"href":"https:\/\/diarioregionaldigital.com.br\/index.php?rest_route=%2Fwp%2Fv2%2Fmedia&parent=159083"}],"wp:term":[{"taxonomy":"category","embeddable":true,"href":"https:\/\/diarioregionaldigital.com.br\/index.php?rest_route=%2Fwp%2Fv2%2Fcategories&post=159083"},{"taxonomy":"post_tag","embeddable":true,"href":"https:\/\/diarioregionaldigital.com.br\/index.php?rest_route=%2Fwp%2Fv2%2Ftags&post=159083"}],"curies":[{"name":"wp","href":"https:\/\/api.w.org\/{rel}","templated":true}]}}