{"id":159058,"date":"2020-04-26T06:00:35","date_gmt":"2020-04-26T09:00:35","guid":{"rendered":"https:\/\/diarioregionaldigital.com.br\/?p=159058"},"modified":"2020-04-25T00:55:29","modified_gmt":"2020-04-25T03:55:29","slug":"homenagem-7","status":"publish","type":"post","link":"https:\/\/diarioregionaldigital.com.br\/?p=159058","title":{"rendered":"Homenagem"},"content":{"rendered":"<p style=\"text-align: center;\"><strong>Homenagem<\/strong><\/p>\n<p style=\"text-align: center;\">Nancy de Carvalho nunca ser\u00e1 esquecida em Juiz de Fora. Pensando nisto, a Funalfa lan\u00e7ou no Facebook a s\u00e9rie \u201cPrata da Casa\u201d homenageando personalidades de destaque. Primeira porta-bandeira, ela faleceu com 83 anos e 2017. Nancy foi uma das fundadoras do Bloco do Beco , e muito querida.<\/p>\n<p style=\"text-align: center;\"><strong>Na Onda<\/strong><\/p>\n<p style=\"text-align: center;\">A ga\u00facha criada no Hava\u00ed, Tatiana Weston- Webb, surfista de real valor n\u00e3o lamentou o adiamento dos jogos Ol\u00edmpicos de T\u00f3quio para 2021, onde vai defender o Brasil. Ela estreou a quinta temporada de seu programa no Canal OFF, com a rotina dentro e fora d\u2019\u00e1gua da atleta.<\/p>\n<p style=\"text-align: center;\"><strong>Foco e F\u00e9<\/strong><\/p>\n<p style=\"text-align: center;\">O Santu\u00e1rio de Nossa Senhora da F\u00e1tima, no Recreio (RJ), est\u00e1 fechado para visita\u00e7\u00e3o. Mas tem feito oito transmiss\u00f5es ao vivo por dia, entre missa e ter\u00e7os. S\u00e3o mais de 1 milh\u00e3o e 900 minutos nas lives. Fundador do santu\u00e1rio, Berthaldo Soares inaugurou no espa\u00e7o uma padaria onde cinco mil p\u00e3es ser\u00e3o doados todos os dias.<\/p>\n<p style=\"text-align: center;\"><strong>Realidade<\/strong><\/p>\n<p style=\"text-align: center;\">Pesquisadores ainda buscam uma vacina para a atual pandemia, mas o surgimento do novo Coronav\u00edrus j\u00e1 provoca um avan\u00e7o cient\u00edfico colateral. O medo de uma doen\u00e7a desconhecida e a amplitude da crise trouxeram de volta a discuss\u00e3o sobre a import\u00e2ncia das imuniza\u00e7\u00f5es, colocando em xeque movimentos de hesita\u00e7\u00e3o \u00e0s vacinas. A pandemia est\u00e1 gerando um efeito reflex\u00e3o nas pessoas.<\/p>\n<p style=\"text-align: center;\"><strong>Novos Tempos<\/strong><\/p>\n<p style=\"text-align: center;\">O momento pede reflex\u00e3o e renova\u00e7\u00e3o. Precisamos mesmo de tantas op\u00e7\u00f5es de roupas para tantas ocasi\u00f5es? Para o isolamento social a pe\u00e7a curinga \u00e9 a camiseta branca. Portanto edite o seu arm\u00e1rio e invista em pe\u00e7as vers\u00e1teis que v\u00e3o do dia \u00e0 noite.<\/p>\n<p style=\"text-align: center;\"><strong>D\u00f3-r\u00e9-m\u00ed-f\u00e1<\/strong><\/p>\n<p style=\"text-align: center;\">Talentoso e muito aplaudido em Juiz de Fora, o cantor e compositor Luizinho Lopes est\u00e1 lan\u00e7ando a m\u00fasica \u201cEm Mim\u201d em parceria musical com o escritor Luiz Rufato. A can\u00e7\u00e3o faz parte do \u00e1lbum \u201cDossi\u00ea 40\u201d, com o calend\u00e1rio apontando o dia 30 de mar\u00e7o, nas plataformas sociais.<\/p>\n<p style=\"text-align: center;\"><strong>Debate<\/strong><\/p>\n<p style=\"text-align: center;\">Foi muito bem sucedida a estreia na JFTV C\u00e2mara ( canal 35), o primeiro programa ao vivo \u201cC\u00e2mara Discute\u201d com brilhante apresenta\u00e7\u00e3o dos jornalistas Maur\u00edcio Oliveira, e Maressa Souza. Na pauta foi convidada a bioqu\u00edmica Ana Beatriz Cotta que falou sobre o novo Coronav\u00edrus.<\/p>\n<p style=\"text-align: center;\"><strong>Doa\u00e7\u00e3o<\/strong><\/p>\n<p style=\"text-align: center;\">\u201cSempre a postos\u201d, em momentos onde o panorama na vida em coletividade est\u00e1 dif\u00edcil, o diretor da ArcelorMitall Jo\u00e3o Henrique tomou iniciativa solicitando a participa\u00e7\u00e3o efetiva de todos os juiz-foranos em um programa de apoio a Ascomcer, Aban e ao Hospital Miseric\u00f3rdia de Santos Dumont. Para cada um real doado, a empresa tamb\u00e9m vai doar mais um real para a entidade.<\/p>\n<p style=\"text-align: center;\"><strong>Cestas B\u00e1sicas<\/strong><\/p>\n<p style=\"text-align: center;\">Not\u00edcia de cidade mineira de S\u00e3o Jo\u00e3o Nepomuceno informa que o ex-jogador Marco Aur\u00e9lio Ayupe, com atua\u00e7\u00e3o por Vasco, Corinthians e Gr\u00eamio contou com a ajuda de outros ex-atletas e de jogadores de sua cidade de S\u00e3o Jo\u00e3o Nepomuceno para arrecadar alimentos para as fam\u00edlias dos jovens que fazem parte do projeto N\u00facleo Esportivo, pelo qual \u00e9 presidente. Foram arrecadadas mais de cem cestas b\u00e1sicas. Belo exemplo.<\/p>\n<p style=\"text-align: center;\"><strong>Comunica\u00e7\u00e3o<\/strong><\/p>\n<p style=\"text-align: center;\">Causou impacto o evento da Webinar com o tema \u201cSeus Clientes n\u00e3o sumiram, est\u00e3o consumindo de outra forma\u201d. A media\u00e7\u00e3o foi do publicit\u00e1rio Tarc\u00edsio Dalpra com Ciane Lopes e Vitor Lopes Resende.<\/p>\n<p style=\"text-align: center;\"><span style=\"font-size: 14pt;\"><strong>Para Refletir <\/strong><\/span><\/p>\n<p style=\"text-align: center;\">\u00c9 tempo de cuidar. De voc\u00ea, de quem est\u00e1 ao seu lado, com pensamentos positivos para quem est\u00e1 longe. Respirar com calma cultivar esperan\u00e7a. Se a vida t\u00e1 dif\u00edcil l\u00e1 fora, vamos ficar em casa. Para depois de tudo, seguirmos mais fortes.<\/p>\n<div id=\"attachment_159057\" style=\"width: 434px\" class=\"wp-caption aligncenter\"><img loading=\"lazy\" decoding=\"async\" aria-describedby=\"caption-attachment-159057\" class=\"size-full wp-image-159057\" src=\"https:\/\/diarioregionaldigital.com.br\/wp-content\/uploads\/2020\/04\/fotoaa-2.jpg\" alt=\"\" width=\"424\" height=\"981\" srcset=\"https:\/\/diarioregionaldigital.com.br\/wp-content\/uploads\/2020\/04\/fotoaa-2.jpg 424w, https:\/\/diarioregionaldigital.com.br\/wp-content\/uploads\/2020\/04\/fotoaa-2-130x300.jpg 130w, https:\/\/diarioregionaldigital.com.br\/wp-content\/uploads\/2020\/04\/fotoaa-2-360x833.jpg 360w\" sizes=\"auto, (max-width: 424px) 100vw, 424px\" \/><p id=\"caption-attachment-159057\" class=\"wp-caption-text\">A talentosa cantora Sandra Portella \u00e9 a aniversariante de destaque desta segunda feira (27). Parabens.<\/p><\/div>\n<p style=\"text-align: center;\"><strong>FOTOSS\u00cdNTESE<\/strong><\/p>\n<p>Em tempos de Coronav\u00edrus, a Prefeitura de Juiz de Fora n\u00e3o mede esfor\u00e7os e estuda plano gradual de retorno das atividades no com\u00e9rcio e servi\u00e7os.<\/p>\n<p>Para a pr\u00f3xima elei\u00e7\u00e3o para prefeitura em Juiz de Fora, os muitos candidatos dever\u00e3o usar dois temas para alavancar votos. Segundo especialistas dever\u00e3o ser sa\u00fade e seguran\u00e7a.<\/p>\n<p>A 1\u00aa Delegacia Regional de Policia Civil de Juiz de Fora agradeceu as mil e quinhentas m\u00e1scaras de prote\u00e7\u00e3o individual para seus servidores que foram doadas pela ArcelorMitall em parceria com a UFJF, Baldi Embalagens e Lessence Cl\u00ednica M\u00e9dica.<\/p>\n<p>Em Juiz de Fora j\u00e1 funciona o projeto piloto para entrega domiciliar de medicamentos a pacientes com doen\u00e7as pulmonares obstrutivas cr\u00f4nicas (DPOC). O projeto foi pensando para diminuir risco de contamina\u00e7\u00e3o pelo Covid-19.<\/p>\n<p>A artista pl\u00e1stica Irene Barros aproveita o isolamento em seu ateli\u00ea de sua resid\u00eancia no bairro Quintas da Avenida.<\/p>\n<p>Aten\u00e7\u00e3o: A Ascomcer lan\u00e7ou campanha para arrecada\u00e7\u00e3o de fraldas geri\u00e1tricas (tamanhos M, G e XG). Ponto para a presidente Alessandra Sampaio.<\/p>\n<p>A analista comportamental Camila Alves arrasou falando sobre \u201cIntelig\u00eancia emocional aplicada aos neg\u00f3cios\u201d, no Instagram do Senac Minas.<\/p>\n<p>Bem a prop\u00f3sito nos dias atuais assistir ao filme \u201cA escolha de Sofia\u201d.<\/p>\n<p>Para finalizar: O povo sofrido pede menos voluntarismo e mais racionalismo. Bom dia.<\/p>\n<p><img loading=\"lazy\" decoding=\"async\" class=\"aligncenter size-full wp-image-159059\" src=\"https:\/\/diarioregionaldigital.com.br\/wp-content\/uploads\/2020\/04\/anuncio44-1.jpg\" alt=\"\" width=\"3527\" height=\"2040\" srcset=\"https:\/\/diarioregionaldigital.com.br\/wp-content\/uploads\/2020\/04\/anuncio44-1.jpg 3527w, https:\/\/diarioregionaldigital.com.br\/wp-content\/uploads\/2020\/04\/anuncio44-1-300x174.jpg 300w, https:\/\/diarioregionaldigital.com.br\/wp-content\/uploads\/2020\/04\/anuncio44-1-768x444.jpg 768w, https:\/\/diarioregionaldigital.com.br\/wp-content\/uploads\/2020\/04\/anuncio44-1-1024x592.jpg 1024w, https:\/\/diarioregionaldigital.com.br\/wp-content\/uploads\/2020\/04\/anuncio44-1-250x145.jpg 250w, https:\/\/diarioregionaldigital.com.br\/wp-content\/uploads\/2020\/04\/anuncio44-1-360x208.jpg 360w\" sizes=\"auto, (max-width: 3527px) 100vw, 3527px\" \/><\/p>\n","protected":false},"excerpt":{"rendered":"<p>Homenagem Nancy de Carvalho nunca ser\u00e1 esquecida em Juiz de Fora. Pensando nisto, a Funalfa lan\u00e7ou no Facebook a s\u00e9rie \u201cPrata da Casa\u201d homenageando personalidades de destaque. Primeira porta-bandeira, ela faleceu com 83 anos e 2017. Nancy foi uma das fundadoras do Bloco do Beco , e muito querida. Na Onda A ga\u00facha criada no [&hellip;]<\/p>\n","protected":false},"author":96,"featured_media":159060,"comment_status":"closed","ping_status":"closed","sticky":false,"template":"","format":"standard","meta":{"footnotes":""},"categories":[264],"tags":[],"class_list":["post-159058","post","type-post","status-publish","format-standard","has-post-thumbnail","hentry","category-eduardo-gomes"],"_links":{"self":[{"href":"https:\/\/diarioregionaldigital.com.br\/index.php?rest_route=\/wp\/v2\/posts\/159058","targetHints":{"allow":["GET"]}}],"collection":[{"href":"https:\/\/diarioregionaldigital.com.br\/index.php?rest_route=\/wp\/v2\/posts"}],"about":[{"href":"https:\/\/diarioregionaldigital.com.br\/index.php?rest_route=\/wp\/v2\/types\/post"}],"author":[{"embeddable":true,"href":"https:\/\/diarioregionaldigital.com.br\/index.php?rest_route=\/wp\/v2\/users\/96"}],"replies":[{"embeddable":true,"href":"https:\/\/diarioregionaldigital.com.br\/index.php?rest_route=%2Fwp%2Fv2%2Fcomments&post=159058"}],"version-history":[{"count":0,"href":"https:\/\/diarioregionaldigital.com.br\/index.php?rest_route=\/wp\/v2\/posts\/159058\/revisions"}],"wp:featuredmedia":[{"embeddable":true,"href":"https:\/\/diarioregionaldigital.com.br\/index.php?rest_route=\/wp\/v2\/media\/159060"}],"wp:attachment":[{"href":"https:\/\/diarioregionaldigital.com.br\/index.php?rest_route=%2Fwp%2Fv2%2Fmedia&parent=159058"}],"wp:term":[{"taxonomy":"category","embeddable":true,"href":"https:\/\/diarioregionaldigital.com.br\/index.php?rest_route=%2Fwp%2Fv2%2Fcategories&post=159058"},{"taxonomy":"post_tag","embeddable":true,"href":"https:\/\/diarioregionaldigital.com.br\/index.php?rest_route=%2Fwp%2Fv2%2Ftags&post=159058"}],"curies":[{"name":"wp","href":"https:\/\/api.w.org\/{rel}","templated":true}]}}