{"id":159054,"date":"2020-04-24T19:18:35","date_gmt":"2020-04-24T22:18:35","guid":{"rendered":"https:\/\/diarioregionaldigital.com.br\/?p=159054"},"modified":"2020-04-24T19:18:35","modified_gmt":"2020-04-24T22:18:35","slug":"treinando-em-juiz-de-fora-beatriz-ferreira-segue-confiante-ainda-falta-a-medalha-olimpica","status":"publish","type":"post","link":"https:\/\/diarioregionaldigital.com.br\/?p=159054","title":{"rendered":"Treinando em Juiz de Fora, Beatriz Ferreira segue confiante: \u201cainda falta a medalha ol\u00edmpica\u201d"},"content":{"rendered":"<p>O in\u00edcio da carreira, as conquistas no boxe e o adiamento dos Jogos Ol\u00edmpicos de T\u00f3quio para 2021 ditaram o tom da conversa entre a pugilista Beatriz Ferreira e o master coach do Comit\u00ea Ol\u00edmpico do Brasil (COB), Antonio Carlos Moreno, em live realizada na \u00faltima quarta-feira (22), no Instagram do Time Brasil. Sempre com um sorriso no rosto, Bia mostrou que a confian\u00e7a segue em alta em meio \u00e0 pandemia: \u201cEstabele\u00e7o metas e corro atr\u00e1s delas. Tenho fome de medalha e espero ter essa garra, essa vontade, por toda a minha carreira. Ainda falta a medalha ol\u00edmpica\u201d.<\/p>\n<p>Campe\u00e3 mundial de boxe em 2019, na R\u00fassia, a peso leve (at\u00e9 60 kg) contou que vinha em um ritmo pesado de prepara\u00e7\u00e3o quando o avan\u00e7o do novo coronav\u00edrus adiou os Jogos Ol\u00edmpicos. Treinando em casa, em Juiz de Fora (MG), a pugilista tenta manter o foco e o pensamento positivo.<\/p>\n<p>\u201cO adiamento nos deu mais tempo para treinar. Temos que manter o foco e pensar que daqui a pouco chega. Claro que n\u00e3o estou treinando como gostaria, com a minha equipe, mas estou tentando fazer da melhor forma. Tenho a sorte de ter um pai treinador, e n\u00e3o est\u00e1 moleza. Montamos uma mini academia aqui em casa. Temos que ficar positivos porque T\u00f3quio est\u00e1 logo ali\u201d.<\/p>\n<p>A paix\u00e3o pelo boxe \u00e9 gen\u00e9tica. Beatriz \u00e9 filha de Raimundo Ferreira, conhecido como Sergipe, bicampe\u00e3o brasileiro e tricampe\u00e3o baiano da modalidade. Aos quatro anos, ela j\u00e1 ensaiava uns golpes nas aulas que o pai dava a meninos do bairro onde nasceu, na garagem de sua antiga casa, em Salvador. \u201cEu acordava, ouvia o barulho deles treinando e ia correndo para a academia\u201d.<\/p>\n<p>Durante a live, Moreno lembrou que Bia foi ao p\u00f3dio em 24 das 25 competi\u00e7\u00f5es que disputou at\u00e9 hoje. \u201cN\u00e3o acho que voc\u00ea est\u00e1 contribuindo apenas com o boxe brasileiro, voc\u00ea est\u00e1 dando exemplo. Est\u00e1 deixando uma marca incr\u00edvel e com essa cara de menininha ainda, n\u00e9? Ainda tem muito ch\u00e3o pela frente. E muita gente diz que voc\u00ea \u00e9 um fen\u00f4meno\u201d.<\/p>\n<p>Chamada de \u201cpitbull\u201d pelos amigos mais pr\u00f3ximos, Bia agradeceu os elogios de Moreno, mas frisou que o apoio aos atletas \u00e9 fundamental para uma carreira de sucesso. \u201cNingu\u00e9m \u00e9 campe\u00e3o sozinho. Por tr\u00e1s do atleta, h\u00e1 o trabalho de muita gente. Sou muito grata \u00e0 minha fam\u00edlia, \u00e0 equipe multidisciplinar que me atende, aos t\u00e9cnicos e ao COB. Agrade\u00e7o por me apoiarem e confiarem em mim. Juntos vamos longe\u201d<\/p>\n<p>&nbsp;<\/p>\n<p><strong>Fonte:\u00a0<\/strong>COB<\/p>\n","protected":false},"excerpt":{"rendered":"<p>O in\u00edcio da carreira, as conquistas no boxe e o adiamento dos Jogos Ol\u00edmpicos de T\u00f3quio para 2021 ditaram o tom da conversa entre a pugilista Beatriz Ferreira e o master coach do Comit\u00ea Ol\u00edmpico do Brasil (COB), Antonio Carlos Moreno, em live realizada na \u00faltima quarta-feira (22), no Instagram do Time Brasil. Sempre com [&hellip;]<\/p>\n","protected":false},"author":96,"featured_media":159055,"comment_status":"closed","ping_status":"closed","sticky":false,"template":"","format":"standard","meta":{"footnotes":""},"categories":[436,257,439],"tags":[],"class_list":["post-159054","post","type-post","status-publish","format-standard","has-post-thumbnail","hentry","category-destaque-da-semana","category-esporte","category-ultima-hora"],"_links":{"self":[{"href":"https:\/\/diarioregionaldigital.com.br\/index.php?rest_route=\/wp\/v2\/posts\/159054","targetHints":{"allow":["GET"]}}],"collection":[{"href":"https:\/\/diarioregionaldigital.com.br\/index.php?rest_route=\/wp\/v2\/posts"}],"about":[{"href":"https:\/\/diarioregionaldigital.com.br\/index.php?rest_route=\/wp\/v2\/types\/post"}],"author":[{"embeddable":true,"href":"https:\/\/diarioregionaldigital.com.br\/index.php?rest_route=\/wp\/v2\/users\/96"}],"replies":[{"embeddable":true,"href":"https:\/\/diarioregionaldigital.com.br\/index.php?rest_route=%2Fwp%2Fv2%2Fcomments&post=159054"}],"version-history":[{"count":0,"href":"https:\/\/diarioregionaldigital.com.br\/index.php?rest_route=\/wp\/v2\/posts\/159054\/revisions"}],"wp:featuredmedia":[{"embeddable":true,"href":"https:\/\/diarioregionaldigital.com.br\/index.php?rest_route=\/wp\/v2\/media\/159055"}],"wp:attachment":[{"href":"https:\/\/diarioregionaldigital.com.br\/index.php?rest_route=%2Fwp%2Fv2%2Fmedia&parent=159054"}],"wp:term":[{"taxonomy":"category","embeddable":true,"href":"https:\/\/diarioregionaldigital.com.br\/index.php?rest_route=%2Fwp%2Fv2%2Fcategories&post=159054"},{"taxonomy":"post_tag","embeddable":true,"href":"https:\/\/diarioregionaldigital.com.br\/index.php?rest_route=%2Fwp%2Fv2%2Ftags&post=159054"}],"curies":[{"name":"wp","href":"https:\/\/api.w.org\/{rel}","templated":true}]}}