{"id":159051,"date":"2020-04-24T19:17:13","date_gmt":"2020-04-24T22:17:13","guid":{"rendered":"https:\/\/diarioregionaldigital.com.br\/?p=159051"},"modified":"2020-04-24T19:17:13","modified_gmt":"2020-04-24T22:17:13","slug":"reuniao-do-consude-em-12-de-maio-deve-decidir-o-futuro-dos-jogos-sul-americanos-escolares-2020-no-brasil","status":"publish","type":"post","link":"https:\/\/diarioregionaldigital.com.br\/?p=159051","title":{"rendered":"Reuni\u00e3o do Consude em 12 de maio deve decidir o futuro dos Jogos Sul-Americanos Escolares 2020 no Brasil"},"content":{"rendered":"<p>Representantes dos 13 pa\u00edses que integram o Conselho Sul-Americano de Esporte (Consude) reuniram-se por meio de videoconfer\u00eancia, para discutir o futuro da edi\u00e7\u00e3o 2020 dos Jogos Sul-Americanos Escolares diante das dificuldades impostas pela pandemia do novo coronav\u00edrus.<\/p>\n<p>Participaram da reuni\u00e3o ministros de Esporte, secret\u00e1rios e dirigentes esportivos de Argentina, Bol\u00edvia, Bonaire, Brasil, Chile, Col\u00f4mbia, Equador, Paraguai, Peru, Uruguai, Venezuela, Suriname e Guiana. Ao fim, ficou decidido que um novo encontro virtual ser\u00e1 realizado em 12 de maio, quando haver\u00e1 um cen\u00e1rio mais concreto para definir a realiza\u00e7\u00e3o ou n\u00e3o dos Jogos Sul-Americanos Escolares, previstos para serem disputados no Brasil, em dezembro.<\/p>\n<p>O Brasil foi representado na reuni\u00e3o por Marcelo Magalh\u00e3es, secret\u00e1rio especial do Esporte do Minist\u00e9rio da Cidadania; Andr\u00e9 Alves, secret\u00e1rio especial adjunto da Secretaria Especial do Esporte; Fabiola Molina, secret\u00e1ria nacional de Esporte, Educa\u00e7\u00e3o, Lazer e Inclus\u00e3o Social (SNELIS) da Secretaria Especial do Esporte; e Robson Aguiar, vice-presidente da Confedera\u00e7\u00e3o Brasileira do Desporto Escolar (CBDE).<\/p>\n<p>Sob coordena\u00e7\u00e3o do Paraguai, que exerce atualmente a presid\u00eancia do Consude, a videoconfer\u00eancia permitiu aos representantes de cada pa\u00eds detalhar as medidas de combate \u00e0 pandemia do COVID-19. O Brasil ressaltou que espera ter condi\u00e7\u00f5es de sediar os Jogos Sul-Americanos em dezembro. \u201cEsta reuni\u00e3o \u00e9 importante para sabermos mais sobre a situa\u00e7\u00e3o em cada um dos pa\u00edses envolvidos nos Jogos Sul-Americanos Escolares e para entender as reais possibilidades de o Brasil receber a competi\u00e7\u00e3o em dezembro, como previsto\u201d, afirmou Marcelo Magalh\u00e3es.<\/p>\n<p>&nbsp;<\/p>\n<p>\u201cSe os Jogos puderem ser disputados em dezembro, \u00e9 sinal de que a quest\u00e3o do v\u00edrus estar\u00e1 controlada em nosso pa\u00eds\u201d, destacou Andr\u00e9 Alves. \u201cMas trata-se de uma situa\u00e7\u00e3o muito complicada para todos os pa\u00edses. A decis\u00e3o por uma nova reuni\u00e3o em 12 de maio \u00e9 acertada, pois, at\u00e9 l\u00e1, devemos ter um cen\u00e1rio mais claro para uma tomada de decis\u00e3o\u201d, prosseguiu. Caso n\u00e3o seja poss\u00edvel a realiza\u00e7\u00e3o em dezembro, aventou-se, na reuni\u00e3o desta quarta-feira, a possibilidade de que os Jogos Sul-Americanos Escolares sejam disputados em abril de 2021.<\/p>\n<p>&nbsp;<\/p>\n<p>Um dos pontos importantes debatidos na videoconfer\u00eancia foi a sinergia que os minist\u00e9rios e secretarias nacionais de Esporte t\u00eam desenvolvido com os governos federais na ado\u00e7\u00e3o de medidas de emerg\u00eancia sanit\u00e1ria e de apoio \u00e0 comunidade esportiva, al\u00e9m de criar condi\u00e7\u00f5es de acompanhamento \u00e0 cidadania, por meio de a\u00e7\u00f5es para promover atividades f\u00edsicas dentro de casa, evitando aglomera\u00e7\u00f5es.<\/p>\n<p>&nbsp;<\/p>\n<p><strong>Calend\u00e1rio<\/strong><\/p>\n<p>&nbsp;<\/p>\n<p>Em dezembro de 2019, os Jogos Escolares Sul-Americanos foram realizados em Assun\u00e7\u00e3o, no Paraguai. Ao final da competi\u00e7\u00e3o, o Brasil recebeu a bandeira do Consude e assumiu o compromisso de sediar a edi\u00e7\u00e3o do evento em 2020.<\/p>\n<p>No dia 18 de fevereiro deste ano, durante assembleia do Consude, realizada em Salinas, no Equador, o Brasil anunciou a cidade de Fortaleza como poss\u00edvel sede dos Jogos Sul-Americanos Escolares 2020. Bras\u00edlia tamb\u00e9m \u00e9 uma alternativa. A expectativa inicial era receber cerca de 1.500 atletas, com idades entre 12 e 14 anos, para a disputa de 11 modalidades.<\/p>\n<p>Entretanto, a pandemia do novo coronav\u00edrus alterou o calend\u00e1rio esportivo em todo o planeta. Entre outras competi\u00e7\u00f5es, a crise sanit\u00e1ria for\u00e7ou o adiamento at\u00e9 mesmo dos Jogos Ol\u00edmpicos e Paral\u00edmpicos de T\u00f3quio 2020, que acabaram sendo transferidos para julho de 2021.<\/p>\n<p>O principal dilema enfrentado pelo Consude refere-se ao cen\u00e1rio de incerteza que todos os pa\u00edses ainda vivem em rela\u00e7\u00e3o ao coronav\u00edrus, j\u00e1 que, neste momento, \u00e9 imposs\u00edvel cravar quando a pandemia da COVID-19 ser\u00e1 debelada.<\/p>\n<p>Outro ponto que surge como entrave para a realiza\u00e7\u00e3o dos Jogos Sul-Americanos Escolares neste ano \u00e9 que as etapas regionais e nacionais classificat\u00f3rias para o evento continental tiveram que ser canceladas em diversos pa\u00edses.<\/p>\n<p>No Brasil, por exemplo, as etapas regionais, que deveriam ser disputadas em setembro, foram canceladas pelo Comit\u00ea Ol\u00edmpico do Brasil (COB), organizador da competi\u00e7\u00e3o. Em junho, o COB definir\u00e1 se ser\u00e1 poss\u00edvel ou n\u00e3o a realiza\u00e7\u00e3o da etapa nacional dos Jogos Escolares da Juventude, prevista inicialmente para novembro.<\/p>\n<p>Ainda assim, mesmo que seja poss\u00edvel disputar a etapa nacional, ela ter\u00e1 as dez modalidades individuais previstas inicialmente, mas, excepcionalmente, os esportes coletivos (futsal, voleibol, basquete e handebol) e as novas modalidades que estavam previstas para integrar o programa (taekwondo e gin\u00e1stica art\u00edstica) n\u00e3o dever\u00e3o ser realizadas.<\/p>\n<p>&nbsp;<\/p>\n<p><strong>Fonte:\u00a0<\/strong>Assessoria<\/p>\n","protected":false},"excerpt":{"rendered":"<p>Representantes dos 13 pa\u00edses que integram o Conselho Sul-Americano de Esporte (Consude) reuniram-se por meio de videoconfer\u00eancia, para discutir o futuro da edi\u00e7\u00e3o 2020 dos Jogos Sul-Americanos Escolares diante das dificuldades impostas pela pandemia do novo coronav\u00edrus. Participaram da reuni\u00e3o ministros de Esporte, secret\u00e1rios e dirigentes esportivos de Argentina, Bol\u00edvia, Bonaire, Brasil, Chile, Col\u00f4mbia, Equador, [&hellip;]<\/p>\n","protected":false},"author":96,"featured_media":159052,"comment_status":"closed","ping_status":"closed","sticky":false,"template":"","format":"standard","meta":{"footnotes":""},"categories":[436,257,439],"tags":[],"class_list":["post-159051","post","type-post","status-publish","format-standard","has-post-thumbnail","hentry","category-destaque-da-semana","category-esporte","category-ultima-hora"],"_links":{"self":[{"href":"https:\/\/diarioregionaldigital.com.br\/index.php?rest_route=\/wp\/v2\/posts\/159051","targetHints":{"allow":["GET"]}}],"collection":[{"href":"https:\/\/diarioregionaldigital.com.br\/index.php?rest_route=\/wp\/v2\/posts"}],"about":[{"href":"https:\/\/diarioregionaldigital.com.br\/index.php?rest_route=\/wp\/v2\/types\/post"}],"author":[{"embeddable":true,"href":"https:\/\/diarioregionaldigital.com.br\/index.php?rest_route=\/wp\/v2\/users\/96"}],"replies":[{"embeddable":true,"href":"https:\/\/diarioregionaldigital.com.br\/index.php?rest_route=%2Fwp%2Fv2%2Fcomments&post=159051"}],"version-history":[{"count":0,"href":"https:\/\/diarioregionaldigital.com.br\/index.php?rest_route=\/wp\/v2\/posts\/159051\/revisions"}],"wp:featuredmedia":[{"embeddable":true,"href":"https:\/\/diarioregionaldigital.com.br\/index.php?rest_route=\/wp\/v2\/media\/159052"}],"wp:attachment":[{"href":"https:\/\/diarioregionaldigital.com.br\/index.php?rest_route=%2Fwp%2Fv2%2Fmedia&parent=159051"}],"wp:term":[{"taxonomy":"category","embeddable":true,"href":"https:\/\/diarioregionaldigital.com.br\/index.php?rest_route=%2Fwp%2Fv2%2Fcategories&post=159051"},{"taxonomy":"post_tag","embeddable":true,"href":"https:\/\/diarioregionaldigital.com.br\/index.php?rest_route=%2Fwp%2Fv2%2Ftags&post=159051"}],"curies":[{"name":"wp","href":"https:\/\/api.w.org\/{rel}","templated":true}]}}