{"id":159047,"date":"2020-04-24T19:15:38","date_gmt":"2020-04-24T22:15:38","guid":{"rendered":"https:\/\/diarioregionaldigital.com.br\/?p=159047"},"modified":"2020-04-24T19:15:38","modified_gmt":"2020-04-24T22:15:38","slug":"cbv-ressalta-que-superliga-masculina-2019-2020-nao-tem-campeao","status":"publish","type":"post","link":"https:\/\/diarioregionaldigital.com.br\/?p=159047","title":{"rendered":"CBV ressalta que Superliga masculina 2019\/2020 n\u00e3o tem campe\u00e3o"},"content":{"rendered":"<p>A Confedera\u00e7\u00e3o Brasileira de Voleibol (CBV) se esclareceu que n\u00e3o h\u00e1 equipe considerada campe\u00e3 da Superliga masculina 2019\/2020. A competi\u00e7\u00e3o foi encerrada devido a pandemia da COVID-19 e a decis\u00e3o pelo t\u00e9rmino do torneio foi tomada em reuni\u00e3o por videoconfer\u00eancia, realizada na \u00faltima segunda-feira (20), com vota\u00e7\u00e3o dos 12 clubes participantes da edi\u00e7\u00e3o, al\u00e9m da Comiss\u00e3o de Atletas.<\/p>\n<p>Na ocasi\u00e3o, ficou claro que o campeonato terminaria sem um campe\u00e3o, respeitando apenas a classifica\u00e7\u00e3o do momento para defini\u00e7\u00e3o da vaga no Campeonato Sul-Americano e das equipes que iriam para a Superliga B. A vota\u00e7\u00e3o pelo fim da competi\u00e7\u00e3o se deu por oito votos a favor e cinco contra. Apesar disso, o time de Taubat\u00e9 postou uma comemora\u00e7\u00e3o em qu<\/p>\n<p>&#8220;Fizemos uma reuni\u00e3o ontem onde todos os clubes participaram de forma virtual e ouviram claramente que n\u00e3o h\u00e1 um campe\u00e3o na temporada 2019\/2020 da Superliga. Por isso, embora tenha se denominado campe\u00e3o moral, recebemos com surpresa a informa\u00e7\u00e3o de que a equipe de Taubat\u00e9 tenha se considerado campe\u00e3 deste ano. Esclarecemos ent\u00e3o, mais uma vez, que n\u00e3o h\u00e1 vencedor nesta temporada&#8221;, afirmou o diretor executivo da CBV, Radam\u00e9s Lattari.<\/p>\n<p>&nbsp;<\/p>\n<p><strong>Fonte:\u00a0<\/strong>Assessoria<\/p>\n","protected":false},"excerpt":{"rendered":"<p>A Confedera\u00e7\u00e3o Brasileira de Voleibol (CBV) se esclareceu que n\u00e3o h\u00e1 equipe considerada campe\u00e3 da Superliga masculina 2019\/2020. A competi\u00e7\u00e3o foi encerrada devido a pandemia da COVID-19 e a decis\u00e3o pelo t\u00e9rmino do torneio foi tomada em reuni\u00e3o por videoconfer\u00eancia, realizada na \u00faltima segunda-feira (20), com vota\u00e7\u00e3o dos 12 clubes participantes da edi\u00e7\u00e3o, al\u00e9m da [&hellip;]<\/p>\n","protected":false},"author":96,"featured_media":159049,"comment_status":"closed","ping_status":"closed","sticky":false,"template":"","format":"standard","meta":{"footnotes":""},"categories":[436,257,439],"tags":[],"class_list":["post-159047","post","type-post","status-publish","format-standard","has-post-thumbnail","hentry","category-destaque-da-semana","category-esporte","category-ultima-hora"],"_links":{"self":[{"href":"https:\/\/diarioregionaldigital.com.br\/index.php?rest_route=\/wp\/v2\/posts\/159047","targetHints":{"allow":["GET"]}}],"collection":[{"href":"https:\/\/diarioregionaldigital.com.br\/index.php?rest_route=\/wp\/v2\/posts"}],"about":[{"href":"https:\/\/diarioregionaldigital.com.br\/index.php?rest_route=\/wp\/v2\/types\/post"}],"author":[{"embeddable":true,"href":"https:\/\/diarioregionaldigital.com.br\/index.php?rest_route=\/wp\/v2\/users\/96"}],"replies":[{"embeddable":true,"href":"https:\/\/diarioregionaldigital.com.br\/index.php?rest_route=%2Fwp%2Fv2%2Fcomments&post=159047"}],"version-history":[{"count":0,"href":"https:\/\/diarioregionaldigital.com.br\/index.php?rest_route=\/wp\/v2\/posts\/159047\/revisions"}],"wp:featuredmedia":[{"embeddable":true,"href":"https:\/\/diarioregionaldigital.com.br\/index.php?rest_route=\/wp\/v2\/media\/159049"}],"wp:attachment":[{"href":"https:\/\/diarioregionaldigital.com.br\/index.php?rest_route=%2Fwp%2Fv2%2Fmedia&parent=159047"}],"wp:term":[{"taxonomy":"category","embeddable":true,"href":"https:\/\/diarioregionaldigital.com.br\/index.php?rest_route=%2Fwp%2Fv2%2Fcategories&post=159047"},{"taxonomy":"post_tag","embeddable":true,"href":"https:\/\/diarioregionaldigital.com.br\/index.php?rest_route=%2Fwp%2Fv2%2Ftags&post=159047"}],"curies":[{"name":"wp","href":"https:\/\/api.w.org\/{rel}","templated":true}]}}