{"id":159041,"date":"2020-04-24T19:09:57","date_gmt":"2020-04-24T22:09:57","guid":{"rendered":"https:\/\/diarioregionaldigital.com.br\/?p=159041"},"modified":"2020-04-24T19:09:57","modified_gmt":"2020-04-24T22:09:57","slug":"lei-proibe-exportacao-de-produtos-usados-no-combate-ao-coronavirus","status":"publish","type":"post","link":"https:\/\/diarioregionaldigital.com.br\/?p=159041","title":{"rendered":"Lei pro\u00edbe exporta\u00e7\u00e3o de produtos usados no combate ao coronav\u00edrus"},"content":{"rendered":"<p>Est\u00e1 proibida a exporta\u00e7\u00e3o de produtos m\u00e9dicos, hospitalares e de higiene essenciais ao combate \u00e0 epidemia de coronav\u00edrus no Brasil. \u00c9 o que determina a Lei 13.993, de 2020, sancionada pelo presidente Jair Bolsonaro e publicada no <em>Di\u00e1rio Oficial da Uni\u00e3o<\/em>.<\/p>\n<p>A lei, proveniente do PL 668\/20, de iniciativa dos deputados Dr. Luiz Antonio Teixeira Jr. (PP-RJ) e Carmem Zanotto (Cidadania-SC), determina que a proibi\u00e7\u00e3o deve permanecer enquanto durar a Emerg\u00eancia em Sa\u00fade P\u00fablica de Import\u00e2ncia Nacional (Espin), em decorr\u00eancia do novo coronav\u00edrus.<\/p>\n<p>Com a san\u00e7\u00e3o do presidente, fica proibida a exporta\u00e7\u00e3o de itens como luvas, aventais imperme\u00e1veis, \u00f3culos de prote\u00e7\u00e3o, gorros, m\u00e1scaras cir\u00fargicas, protetores faciais, camas hospitalares, ventiladores pulmonares e monitores multipar\u00e2metros. O projeto tamb\u00e9m autoriza o Executivo a incluir outros produtos e equipamentos \u00e0 restri\u00e7\u00e3o de exporta\u00e7\u00e3o.<\/p>\n<p>A relatora no Senado, senadora Eliziane Gama (Cidadania \u2013MA), defendeu a mat\u00e9ria argumentando que, neste momento de crise, o Brasil n\u00e3o pode abrir m\u00e3o de sua produ\u00e7\u00e3o de insumos de sa\u00fade, fundamentais para o controle da doen\u00e7a.<\/p>\n<p>\u201cA medida tem o cond\u00e3o de preservar os interesses e a sa\u00fade da popula\u00e7\u00e3o brasileira, em meio a um cen\u00e1rio de crise que se mostra cada vez mais preocupante\u201d, analisou a senadora.<\/p>\n<p>A proposta foi aprovada no Plen\u00e1rio do Senado no dia 25 de mar\u00e7o, com modifica\u00e7\u00f5es feitas pela relatora. Ao retornar \u00e0 C\u00e2mara, os deputados rejeitaram a mudan\u00e7a e mantiveram o texto original.<\/p>\n<p>&nbsp;<\/p>\n<p><strong>Fonte:\u00a0<\/strong>Ag\u00eancia Senado<\/p>\n","protected":false},"excerpt":{"rendered":"<p>Est\u00e1 proibida a exporta\u00e7\u00e3o de produtos m\u00e9dicos, hospitalares e de higiene essenciais ao combate \u00e0 epidemia de coronav\u00edrus no Brasil. \u00c9 o que determina a Lei 13.993, de 2020, sancionada pelo presidente Jair Bolsonaro e publicada no Di\u00e1rio Oficial da Uni\u00e3o. A lei, proveniente do PL 668\/20, de iniciativa dos deputados Dr. Luiz Antonio Teixeira [&hellip;]<\/p>\n","protected":false},"author":96,"featured_media":159042,"comment_status":"closed","ping_status":"closed","sticky":false,"template":"","format":"standard","meta":{"footnotes":""},"categories":[436,254,439],"tags":[],"class_list":["post-159041","post","type-post","status-publish","format-standard","has-post-thumbnail","hentry","category-destaque-da-semana","category-politica","category-ultima-hora"],"_links":{"self":[{"href":"https:\/\/diarioregionaldigital.com.br\/index.php?rest_route=\/wp\/v2\/posts\/159041","targetHints":{"allow":["GET"]}}],"collection":[{"href":"https:\/\/diarioregionaldigital.com.br\/index.php?rest_route=\/wp\/v2\/posts"}],"about":[{"href":"https:\/\/diarioregionaldigital.com.br\/index.php?rest_route=\/wp\/v2\/types\/post"}],"author":[{"embeddable":true,"href":"https:\/\/diarioregionaldigital.com.br\/index.php?rest_route=\/wp\/v2\/users\/96"}],"replies":[{"embeddable":true,"href":"https:\/\/diarioregionaldigital.com.br\/index.php?rest_route=%2Fwp%2Fv2%2Fcomments&post=159041"}],"version-history":[{"count":0,"href":"https:\/\/diarioregionaldigital.com.br\/index.php?rest_route=\/wp\/v2\/posts\/159041\/revisions"}],"wp:featuredmedia":[{"embeddable":true,"href":"https:\/\/diarioregionaldigital.com.br\/index.php?rest_route=\/wp\/v2\/media\/159042"}],"wp:attachment":[{"href":"https:\/\/diarioregionaldigital.com.br\/index.php?rest_route=%2Fwp%2Fv2%2Fmedia&parent=159041"}],"wp:term":[{"taxonomy":"category","embeddable":true,"href":"https:\/\/diarioregionaldigital.com.br\/index.php?rest_route=%2Fwp%2Fv2%2Fcategories&post=159041"},{"taxonomy":"post_tag","embeddable":true,"href":"https:\/\/diarioregionaldigital.com.br\/index.php?rest_route=%2Fwp%2Fv2%2Ftags&post=159041"}],"curies":[{"name":"wp","href":"https:\/\/api.w.org\/{rel}","templated":true}]}}