{"id":159029,"date":"2020-04-24T19:00:00","date_gmt":"2020-04-24T22:00:00","guid":{"rendered":"https:\/\/diarioregionaldigital.com.br\/?p=159029"},"modified":"2020-04-24T19:00:00","modified_gmt":"2020-04-24T22:00:00","slug":"parlamentares-apresentam-solicitacoes-de-medidas-para-o-enfrentamento-da-covid-19","status":"publish","type":"post","link":"https:\/\/diarioregionaldigital.com.br\/?p=159029","title":{"rendered":"Parlamentares apresentam solicita\u00e7\u00f5es de medidas para o enfrentamento da COVID-19"},"content":{"rendered":"<p>A C\u00e2mara Municipal aprovou requerimentos visando ao combate ao novo Coronav\u00edrus em Juiz de Fora. Com o intuito de proteger os profissionais de sa\u00fade, o vereador Sargento Mello Casal (PTB) requereu que a Vigil\u00e2ncia Sanit\u00e1ria realize com urg\u00eancia a entrega de 400 conjuntos de capas e cal\u00e7as pl\u00e1sticas e 196 \u00f3culos de prote\u00e7\u00e3o individual nas UPA Norte, S\u00e3o Pedro e Santa Luzia. Os equipamentos foram doados pelos vereadores.<\/p>\n<p>Para evitar a dissemina\u00e7\u00e3o da COVID-19, o vereador Dr. Ant\u00f4nio Aguiar (DEM) solicitou ao Executivo que os agentes comunit\u00e1rios e agentes de endemias com mais de 60 anos sejam colocados imediatamente em quarentena.<\/p>\n<p>Diante da preocupa\u00e7\u00e3o com a dificuldade de renovar o \u201cPasse Livre\u201d vencido durante o per\u00edodo de quarentena, o vereador\u00a0 Dr. Adriano Miranda (PRTB) pediu que o benef\u00edcio no transporte p\u00fablico municipal seja prorrogado automaticamente. Dessa forma, o usu\u00e1rio pode realizar o processo de renova\u00e7\u00e3o quando os servi\u00e7os forem retomados.<\/p>\n<p>O parlamentar Marlon Siqueira (Progressista) solicitou que o descumprimento da medida de utiliza\u00e7\u00e3o da m\u00e1scara de prote\u00e7\u00e3o n\u00e3o cause aplica\u00e7\u00e3o de multa ao cidad\u00e3o. Em fun\u00e7\u00e3o da import\u00e2ncia do uso de m\u00e1scaras para evitar a propaga\u00e7\u00e3o do v\u00edrus, o vereador tamb\u00e9m encaminhou requerimento pedindo que parte dos valores de suas emendas impositivas sejam destinadas \u00e0 aquisi\u00e7\u00e3o e distribui\u00e7\u00e3o de \u00e1lcool em gel e m\u00e1scaras para a popula\u00e7\u00e3o em situa\u00e7\u00e3o de rua e, tamb\u00e9m, para creches, pr\u00e9-escolas e institui\u00e7\u00f5es do ensino fundamental mantidas por entidades filantr\u00f3picas ou conveniadas com o munic\u00edpio.<\/p>\n<p>O vereador J\u00falio Obama Jr. (PODE) requereu que o Executivo edite um decreto determinando o contingenciamento de despesas do munic\u00edpio. Para reduzir os gastos o parlamentar sugeriu medidas como a negocia\u00e7\u00e3o dos contratos de aluguel, a redu\u00e7\u00e3o dos valores dos contratos de presta\u00e7\u00e3o de servi\u00e7o de m\u00e3o de obra terceirizada, a renegocia\u00e7\u00e3o de contratos de opera\u00e7\u00e3o de cr\u00e9dito para reduzir o valor de pagamento de juros e de amortiza\u00e7\u00e3o da d\u00edvida p\u00fablica em 2020 e a redu\u00e7\u00e3o de gastos com publicidade ou propaganda institucional, exceto as relacionadas a orienta\u00e7\u00f5es sobre o Coronav\u00edrus.<\/p>\n<p>Para evitar pre\u00e7os abusivos, Obama tamb\u00e9m solicitou que o Procon intensifique o trabalho de fiscaliza\u00e7\u00e3o dos pre\u00e7os de produtos essenciais no per\u00edodo de pandemia, como m\u00e1scaras de prote\u00e7\u00e3o, \u00e1lcool em gel, itens da cesta b\u00e1sica e g\u00e1s de cozinha. Al\u00e9m disso, o vereador pediu que o Executivo apresente um plano gradual da retomada das atividades econ\u00f4micas no munic\u00edpio a partir do m\u00eas de maio a fim de que as atividades retornem\u00a0 gradualmente, garantindo aos empregados e empregadores seguran\u00e7a jur\u00eddica, econ\u00f4mica e sanit\u00e1ria.<\/p>\n<p>Obama requereu, ainda, a cria\u00e7\u00e3o de um Programa Municipal de Incentivo ao Voluntariado na \u00e1rea da sa\u00fade para incentivar o engajamento social dos interessados em desenvolver a\u00e7\u00f5es de combate ao novo Coronav\u00edrus em parceria com os equipamentos de sa\u00fade.<\/p>\n<p>&nbsp;<\/p>\n<p><strong>Fonte:\u00a0<\/strong>Assessoria<\/p>\n","protected":false},"excerpt":{"rendered":"<p>A C\u00e2mara Municipal aprovou requerimentos visando ao combate ao novo Coronav\u00edrus em Juiz de Fora. Com o intuito de proteger os profissionais de sa\u00fade, o vereador Sargento Mello Casal (PTB) requereu que a Vigil\u00e2ncia Sanit\u00e1ria realize com urg\u00eancia a entrega de 400 conjuntos de capas e cal\u00e7as pl\u00e1sticas e 196 \u00f3culos de prote\u00e7\u00e3o individual nas [&hellip;]<\/p>\n","protected":false},"author":96,"featured_media":159030,"comment_status":"closed","ping_status":"closed","sticky":false,"template":"","format":"standard","meta":{"footnotes":""},"categories":[253,436,440,439],"tags":[],"class_list":["post-159029","post","type-post","status-publish","format-standard","has-post-thumbnail","hentry","category-cidade","category-destaque-da-semana","category-destaques-do-dia","category-ultima-hora"],"_links":{"self":[{"href":"https:\/\/diarioregionaldigital.com.br\/index.php?rest_route=\/wp\/v2\/posts\/159029","targetHints":{"allow":["GET"]}}],"collection":[{"href":"https:\/\/diarioregionaldigital.com.br\/index.php?rest_route=\/wp\/v2\/posts"}],"about":[{"href":"https:\/\/diarioregionaldigital.com.br\/index.php?rest_route=\/wp\/v2\/types\/post"}],"author":[{"embeddable":true,"href":"https:\/\/diarioregionaldigital.com.br\/index.php?rest_route=\/wp\/v2\/users\/96"}],"replies":[{"embeddable":true,"href":"https:\/\/diarioregionaldigital.com.br\/index.php?rest_route=%2Fwp%2Fv2%2Fcomments&post=159029"}],"version-history":[{"count":0,"href":"https:\/\/diarioregionaldigital.com.br\/index.php?rest_route=\/wp\/v2\/posts\/159029\/revisions"}],"wp:featuredmedia":[{"embeddable":true,"href":"https:\/\/diarioregionaldigital.com.br\/index.php?rest_route=\/wp\/v2\/media\/159030"}],"wp:attachment":[{"href":"https:\/\/diarioregionaldigital.com.br\/index.php?rest_route=%2Fwp%2Fv2%2Fmedia&parent=159029"}],"wp:term":[{"taxonomy":"category","embeddable":true,"href":"https:\/\/diarioregionaldigital.com.br\/index.php?rest_route=%2Fwp%2Fv2%2Fcategories&post=159029"},{"taxonomy":"post_tag","embeddable":true,"href":"https:\/\/diarioregionaldigital.com.br\/index.php?rest_route=%2Fwp%2Fv2%2Ftags&post=159029"}],"curies":[{"name":"wp","href":"https:\/\/api.w.org\/{rel}","templated":true}]}}