{"id":159026,"date":"2020-04-24T18:57:18","date_gmt":"2020-04-24T21:57:18","guid":{"rendered":"https:\/\/diarioregionaldigital.com.br\/?p=159026"},"modified":"2020-04-24T18:57:18","modified_gmt":"2020-04-24T21:57:18","slug":"pjf-e-ufjf-orientam-populacao-sobre-procedimento-em-caso-suspeito-de-coronavirus","status":"publish","type":"post","link":"https:\/\/diarioregionaldigital.com.br\/?p=159026","title":{"rendered":"PJF e UFJF orientam popula\u00e7\u00e3o sobre procedimento em caso suspeito de coronav\u00edrus"},"content":{"rendered":"<p>J\u00e1 est\u00e3o em funcionamento os servi\u00e7os \u201cDisque-coronav\u00edrus\u201d e \u201cBusco Sa\u00fade\u201d. O atendimento, realizado pelo telefone (32) 3512-0768 ou pelo link https:\/\/buscosaude.automaway.com.br, \u00e9 gratuito e esclarece d\u00favidas sobre a covid-19 e como proceder em c aso de s uspeita da doen\u00e7a. Criados a partir de parceria entre a Prefeitura de Juiz de Fora (PJF) e a Universidade Federal (UFJF), empresa privada e startups, est\u00e3o dispon\u00edveis de segunda a sexta-feira, das 8 \u00e0s 18 horas.<\/p>\n<p>A UFJF participou de toda a integra\u00e7\u00e3o dos sistemas, at\u00e9 a capacita\u00e7\u00e3o e treinamento dos profissionais de sa\u00fade, para utiliza\u00e7\u00e3o da plataforma. O servi\u00e7o contribui para reduzir o atendimento hospitalar sem necessidade.<\/p>\n<p>Pela plataforma, o cidad\u00e3o \u00e9 recepcionado por atendente virtual. \u00c9 poss\u00edvel fazer autodiagn\u00f3stico, para verificar se o caso se encaixa como suspeito da doen\u00e7a. Caso indique a possibilidade de estar acometido, o usu\u00e1rio \u00e9 redirecionado para um dos 15 profissionais de sa\u00fade participantes da iniciativa.<\/p>\n<p>Quando um usu\u00e1rio sintom\u00e1tico entra em contato com a plataforma, \u00e9 orientado de acordo com a gravidade do seu quadro. Se os sintomas forem leves, com caracter\u00edsticas, por exemplo, de resfriado, \u00e9 aconselhado a permanecer em casa, em isolamento e observa\u00e7\u00e3o. No caso desses sintomas persistirem, ou piorarem, o paciente deve procurar unidade de sa\u00fade ou ligar novamente para o servi\u00e7o, para nova orienta\u00e7\u00e3o.<\/p>\n<p>Nos casos moderados a graves, o paciente \u00e9 orientado a buscar o atendimento hospitalar. Ao ligar, o usu\u00e1rio deve informar o C\u00f3digo de Endere\u00e7amento Postal (CEP) de onde mora e o N\u00famero de Identifica\u00e7\u00e3o Social (NIS) ou do Cadastro de Pessoa F\u00edsica (CPF). Eles ser\u00e3o solicitados antes da transfer\u00eancia ao profissional de sa\u00fade.<\/p>\n<p>&nbsp;<\/p>\n<p><strong>Fonte:<\/strong>\u00a0Assessoria<\/p>\n","protected":false},"excerpt":{"rendered":"<p>J\u00e1 est\u00e3o em funcionamento os servi\u00e7os \u201cDisque-coronav\u00edrus\u201d e \u201cBusco Sa\u00fade\u201d. O atendimento, realizado pelo telefone (32) 3512-0768 ou pelo link https:\/\/buscosaude.automaway.com.br, \u00e9 gratuito e esclarece d\u00favidas sobre a covid-19 e como proceder em c aso de s uspeita da doen\u00e7a. Criados a partir de parceria entre a Prefeitura de Juiz de Fora (PJF) e a [&hellip;]<\/p>\n","protected":false},"author":96,"featured_media":159027,"comment_status":"closed","ping_status":"closed","sticky":false,"template":"","format":"standard","meta":{"footnotes":""},"categories":[253,436,440,439],"tags":[],"class_list":["post-159026","post","type-post","status-publish","format-standard","has-post-thumbnail","hentry","category-cidade","category-destaque-da-semana","category-destaques-do-dia","category-ultima-hora"],"_links":{"self":[{"href":"https:\/\/diarioregionaldigital.com.br\/index.php?rest_route=\/wp\/v2\/posts\/159026","targetHints":{"allow":["GET"]}}],"collection":[{"href":"https:\/\/diarioregionaldigital.com.br\/index.php?rest_route=\/wp\/v2\/posts"}],"about":[{"href":"https:\/\/diarioregionaldigital.com.br\/index.php?rest_route=\/wp\/v2\/types\/post"}],"author":[{"embeddable":true,"href":"https:\/\/diarioregionaldigital.com.br\/index.php?rest_route=\/wp\/v2\/users\/96"}],"replies":[{"embeddable":true,"href":"https:\/\/diarioregionaldigital.com.br\/index.php?rest_route=%2Fwp%2Fv2%2Fcomments&post=159026"}],"version-history":[{"count":0,"href":"https:\/\/diarioregionaldigital.com.br\/index.php?rest_route=\/wp\/v2\/posts\/159026\/revisions"}],"wp:featuredmedia":[{"embeddable":true,"href":"https:\/\/diarioregionaldigital.com.br\/index.php?rest_route=\/wp\/v2\/media\/159027"}],"wp:attachment":[{"href":"https:\/\/diarioregionaldigital.com.br\/index.php?rest_route=%2Fwp%2Fv2%2Fmedia&parent=159026"}],"wp:term":[{"taxonomy":"category","embeddable":true,"href":"https:\/\/diarioregionaldigital.com.br\/index.php?rest_route=%2Fwp%2Fv2%2Fcategories&post=159026"},{"taxonomy":"post_tag","embeddable":true,"href":"https:\/\/diarioregionaldigital.com.br\/index.php?rest_route=%2Fwp%2Fv2%2Ftags&post=159026"}],"curies":[{"name":"wp","href":"https:\/\/api.w.org\/{rel}","templated":true}]}}