{"id":159020,"date":"2020-04-24T18:54:22","date_gmt":"2020-04-24T21:54:22","guid":{"rendered":"https:\/\/diarioregionaldigital.com.br\/?p=159020"},"modified":"2020-04-24T18:54:22","modified_gmt":"2020-04-24T21:54:22","slug":"ufjf-suspende-intercambio-internacional-de-estudantes","status":"publish","type":"post","link":"https:\/\/diarioregionaldigital.com.br\/?p=159020","title":{"rendered":"UFJF suspende interc\u00e2mbio internacional de estudantes"},"content":{"rendered":"<p>A Diretoria de Rela\u00e7\u00f5es Internacionais (DRI) da Universidade Federal de Juiz de Fora (UFJF) suspendeu o edital do Programa de Interc\u00e2mbio Internacional de Gradua\u00e7\u00e3o (Piigrad 2020) at\u00e9 que haja condi\u00e7\u00f5es razo\u00e1veis para viagens internacionais dos aprovados. A decis\u00e3o tem o intuito de preservar a seguran\u00e7a e a sa\u00fade dos estudantes e atende a uma das recomenda\u00e7\u00f5es do Comit\u00ea de Monitoramento e Orienta\u00e7\u00e3o de Conduta da UFJF sobre a Covid-19, que suspende as viagens de t\u00e9cnicos, professores e estudantes.<\/p>\n<p>\u201cChegamos \u00e0 conclus\u00e3o de que n\u00e3o haveria a menor condi\u00e7\u00e3o de enviarmos estudantes para o exterior no segundo semestre. A decis\u00e3o \u00e9 baseada nos dados da pandemia no mundo e na pr\u00f3pria resposta das institui\u00e7\u00f5es parceiras, no tempo em que fomos conversando neste sentido. Algumas, inclusive, ir\u00e3o concluir o semestre on-line, o que inviabiliza o interc\u00e2mbio. Al\u00e9m disso, as fronteiras est\u00e3o abrindo e fechando a todo o instante\u201d, afirma a diretora de Rela\u00e7\u00f5es Internacionais da UFJF, B\u00e1rbara Daibert.<\/p>\n<p>Os alunos aprovados pelo Edital conseguir\u00e3o cumprir o interc\u00e2mbio quando for seguro para os envolvidos no processo. \u201cEstamos em contato constante com todos os nossos parceiros internacionais para garantir que os alunos j\u00e1 aceitos neste edital sejam afetados o m\u00ednimo poss\u00edvel por essa mudan\u00e7a, e que o interc\u00e2mbio dos classificados no edital Piigrad 2020 possa ser feito sem maiores inconvenientes a partir de 2021, em semestre a ser definido de acordo com o desenrolar da pandemia e de forma a n\u00e3o expor os alunos a risco de cont\u00e1gio por Covid 19.\u201d<\/p>\n<p>&nbsp;<\/p>\n<p><strong>Fonte:<\/strong>\u00a0Assessoria<\/p>\n","protected":false},"excerpt":{"rendered":"<p>A Diretoria de Rela\u00e7\u00f5es Internacionais (DRI) da Universidade Federal de Juiz de Fora (UFJF) suspendeu o edital do Programa de Interc\u00e2mbio Internacional de Gradua\u00e7\u00e3o (Piigrad 2020) at\u00e9 que haja condi\u00e7\u00f5es razo\u00e1veis para viagens internacionais dos aprovados. A decis\u00e3o tem o intuito de preservar a seguran\u00e7a e a sa\u00fade dos estudantes e atende a uma das [&hellip;]<\/p>\n","protected":false},"author":96,"featured_media":159021,"comment_status":"closed","ping_status":"closed","sticky":false,"template":"","format":"standard","meta":{"footnotes":""},"categories":[253,436,439],"tags":[],"class_list":["post-159020","post","type-post","status-publish","format-standard","has-post-thumbnail","hentry","category-cidade","category-destaque-da-semana","category-ultima-hora"],"_links":{"self":[{"href":"https:\/\/diarioregionaldigital.com.br\/index.php?rest_route=\/wp\/v2\/posts\/159020","targetHints":{"allow":["GET"]}}],"collection":[{"href":"https:\/\/diarioregionaldigital.com.br\/index.php?rest_route=\/wp\/v2\/posts"}],"about":[{"href":"https:\/\/diarioregionaldigital.com.br\/index.php?rest_route=\/wp\/v2\/types\/post"}],"author":[{"embeddable":true,"href":"https:\/\/diarioregionaldigital.com.br\/index.php?rest_route=\/wp\/v2\/users\/96"}],"replies":[{"embeddable":true,"href":"https:\/\/diarioregionaldigital.com.br\/index.php?rest_route=%2Fwp%2Fv2%2Fcomments&post=159020"}],"version-history":[{"count":0,"href":"https:\/\/diarioregionaldigital.com.br\/index.php?rest_route=\/wp\/v2\/posts\/159020\/revisions"}],"wp:featuredmedia":[{"embeddable":true,"href":"https:\/\/diarioregionaldigital.com.br\/index.php?rest_route=\/wp\/v2\/media\/159021"}],"wp:attachment":[{"href":"https:\/\/diarioregionaldigital.com.br\/index.php?rest_route=%2Fwp%2Fv2%2Fmedia&parent=159020"}],"wp:term":[{"taxonomy":"category","embeddable":true,"href":"https:\/\/diarioregionaldigital.com.br\/index.php?rest_route=%2Fwp%2Fv2%2Fcategories&post=159020"},{"taxonomy":"post_tag","embeddable":true,"href":"https:\/\/diarioregionaldigital.com.br\/index.php?rest_route=%2Fwp%2Fv2%2Ftags&post=159020"}],"curies":[{"name":"wp","href":"https:\/\/api.w.org\/{rel}","templated":true}]}}