{"id":159018,"date":"2020-04-24T17:33:15","date_gmt":"2020-04-24T20:33:15","guid":{"rendered":"https:\/\/diarioregionaldigital.com.br\/?p=159018"},"modified":"2020-04-24T17:33:15","modified_gmt":"2020-04-24T20:33:15","slug":"brasil-registra-mais-de-50-mil-casos-confirmados-do-novo-coronavirus","status":"publish","type":"post","link":"https:\/\/diarioregionaldigital.com.br\/?p=159018","title":{"rendered":"Brasil registra mais de 50 mil casos confirmados do novo coronav\u00edrus"},"content":{"rendered":"<p>O Brasil chegou a 52.995 casos confirmados, conforme atualiza\u00e7\u00e3o do Minist\u00e9rio da Sa\u00fade divulgada\u00a0<span id=\"OBJ_PREFIX_DWT249_com_zimbra_date\" role=\"link\">hoje<\/span>\u00a0(24). Nas \u00faltimas 24 horas foram adicionadas \u00e0s estat\u00edsticas mais 3.503 pessoas infectadas, um aumento de 7,1% e rela\u00e7\u00e3o a\u00a0<span id=\"OBJ_PREFIX_DWT250_com_zimbra_date\" role=\"link\">ontem<\/span>, quando foram registrados 49.492 casos confirmados. O n\u00famero de recuperados \u00e9 de\u00a027.655 recuperados, o que equivale a 52%.<\/p>\n<p>J\u00e1 o n\u00famero de mortes subiu para 3.670, com 357 novos falecimentos de ontem para\u00a0<span id=\"OBJ_PREFIX_DWT251_com_zimbra_date\" role=\"link\">hoje<\/span>, um incremento de 10,8%. Foi o segundo maior n\u00famero de novos \u00f3bitos em 24 horas, perdendo apenas para\u00a0<span id=\"OBJ_PREFIX_DWT252_com_zimbra_date\" role=\"link\">ontem<\/span>, quando foram adicionados 407.<\/p>\n<p>S\u00e3o Paulo se mant\u00e9m como epicentro da pandemia no pa\u00eds, concentrando o maior n\u00famero de falecimentos (1.512). O estado \u00e9 seguido pelo Rio<span id=\"OBJ_PREFIX_DWT253_com_zimbra_date\" role=\"link\">\u00a0de Janeiro<\/span>\u00a0(570), Pernambuco (352), Cear\u00e1 (284) e Amazonas (255).<\/p>\n<p>Al\u00e9m disso, foram registradas mortes no Maranh\u00e3o (88), Par\u00e1 (75), Paran\u00e1 (64), Bahia (64), Minas Gerais (54), Para\u00edba (40), Esp\u00edrito Santo (42), Santa Catarina (42), Rio Grande do Norte (38), Rio Grande do Sul (31), Alagoas (27), Distrito Federal (26), Goi\u00e1s (24), Amap\u00e1 (18), Piau\u00ed (16), Acre (11), Sergipe (8), Mato Grosso (8), Mato Grosso do Sul (7), Rond\u00f4nia (5), Roraima (3) e Tocantins (2).<\/p>\n<p>&nbsp;<\/p>\n<p><strong>Fonte:\u00a0<\/strong>Ag\u00eancia Brasil<\/p>\n","protected":false},"excerpt":{"rendered":"<p>O Brasil chegou a 52.995 casos confirmados, conforme atualiza\u00e7\u00e3o do Minist\u00e9rio da Sa\u00fade divulgada\u00a0hoje\u00a0(24). Nas \u00faltimas 24 horas foram adicionadas \u00e0s estat\u00edsticas mais 3.503 pessoas infectadas, um aumento de 7,1% e rela\u00e7\u00e3o a\u00a0ontem, quando foram registrados 49.492 casos confirmados. O n\u00famero de recuperados \u00e9 de\u00a027.655 recuperados, o que equivale a 52%. J\u00e1 o n\u00famero de [&hellip;]<\/p>\n","protected":false},"author":96,"featured_media":158770,"comment_status":"closed","ping_status":"closed","sticky":false,"template":"","format":"standard","meta":{"footnotes":""},"categories":[302,436,440,439],"tags":[],"class_list":["post-159018","post","type-post","status-publish","format-standard","has-post-thumbnail","hentry","category-brasil-mundo","category-destaque-da-semana","category-destaques-do-dia","category-ultima-hora"],"_links":{"self":[{"href":"https:\/\/diarioregionaldigital.com.br\/index.php?rest_route=\/wp\/v2\/posts\/159018","targetHints":{"allow":["GET"]}}],"collection":[{"href":"https:\/\/diarioregionaldigital.com.br\/index.php?rest_route=\/wp\/v2\/posts"}],"about":[{"href":"https:\/\/diarioregionaldigital.com.br\/index.php?rest_route=\/wp\/v2\/types\/post"}],"author":[{"embeddable":true,"href":"https:\/\/diarioregionaldigital.com.br\/index.php?rest_route=\/wp\/v2\/users\/96"}],"replies":[{"embeddable":true,"href":"https:\/\/diarioregionaldigital.com.br\/index.php?rest_route=%2Fwp%2Fv2%2Fcomments&post=159018"}],"version-history":[{"count":0,"href":"https:\/\/diarioregionaldigital.com.br\/index.php?rest_route=\/wp\/v2\/posts\/159018\/revisions"}],"wp:featuredmedia":[{"embeddable":true,"href":"https:\/\/diarioregionaldigital.com.br\/index.php?rest_route=\/wp\/v2\/media\/158770"}],"wp:attachment":[{"href":"https:\/\/diarioregionaldigital.com.br\/index.php?rest_route=%2Fwp%2Fv2%2Fmedia&parent=159018"}],"wp:term":[{"taxonomy":"category","embeddable":true,"href":"https:\/\/diarioregionaldigital.com.br\/index.php?rest_route=%2Fwp%2Fv2%2Fcategories&post=159018"},{"taxonomy":"post_tag","embeddable":true,"href":"https:\/\/diarioregionaldigital.com.br\/index.php?rest_route=%2Fwp%2Fv2%2Ftags&post=159018"}],"curies":[{"name":"wp","href":"https:\/\/api.w.org\/{rel}","templated":true}]}}