{"id":159010,"date":"2020-04-24T14:51:57","date_gmt":"2020-04-24T17:51:57","guid":{"rendered":"https:\/\/diarioregionaldigital.com.br\/?p=159010"},"modified":"2020-04-24T14:51:57","modified_gmt":"2020-04-24T17:51:57","slug":"sus-oferecera-consulta-virtual-com-foco-em-paciente-cronico","status":"publish","type":"post","link":"https:\/\/diarioregionaldigital.com.br\/?p=159010","title":{"rendered":"SUS oferecer\u00e1 consulta virtual com foco em paciente cr\u00f4nico"},"content":{"rendered":"<p>O Minist\u00e9rio da Sa\u00fade informou nesta sexta-feira (24) que pacientes do Sistema \u00danico de Sa\u00fade (SUS) ter\u00e3o consultas virtuais nos postos de sa\u00fade da aten\u00e7\u00e3o prim\u00e1ria a partir do m\u00eas de maio.<\/p>\n<p>As consultas virtuais ser\u00e3o realizadas por equipes m\u00e9dicas e\u00a0de enfermagem e constituem\u00a0mais uma das estrat\u00e9gias do minist\u00e9rio para diminuir a propaga\u00e7\u00e3o do novo coronav\u00edrus. O valor previsto para execu\u00e7\u00e3o do servi\u00e7o \u00e9 de R$ 4,023 milh\u00f5es.<\/p>\n<p>De acordo com o minist\u00e9rio, cerca de 20 mil m\u00e9dicos e enfermeiros que atuam nas unidades de Sa\u00fade da Fam\u00edlia de todo pa\u00eds v\u00e3o passar por treinamento para usar o sistema, que \u00a0ter\u00e1 suporte t\u00e9cnico 24 horas e oferecer\u00e1 certificado para a pr\u00e1tica de telemedicina e telessa\u00fade.<\/p>\n<p>Al\u00e9m do consult\u00f3rio virtual, a popula\u00e7\u00e3o pode acessar o\u00a0TeleSus\u00a0para atendimento pr\u00e9-cl\u00ednico por telefone, chat on-line e aplicativo para acompanhamento em caso de suspeita da covid-19.<\/p>\n<p>\u201cInvestir em tecnologia \u00e9 uma estrat\u00e9gia eficiente para diminuir a propaga\u00e7\u00e3o do v\u00edrus e para minimizar os impactos indiretos causados pela pandemia, como o adiamento de atendimentos relacionados a outras doen\u00e7as, principalmente as cr\u00f4nicas\u201d, diz o secret\u00e1rio Nacional de Aten\u00e7\u00e3o Prim\u00e1ria \u00e0 Sa\u00fade, Erno Harzheim<\/p>\n<p>A primeira vers\u00e3o da plataforma estar\u00e1 inicialmente dispon\u00edvel para os m\u00e9dicos, com expans\u00e3o para os enfermeiros e equipe multiprofissional, na segunda quinzena de maio.<\/p>\n<p>&nbsp;<\/p>\n<p><strong>Fonte:\u00a0<\/strong>Ag\u00eancia Brasil<\/p>\n","protected":false},"excerpt":{"rendered":"<p>O Minist\u00e9rio da Sa\u00fade informou nesta sexta-feira (24) que pacientes do Sistema \u00danico de Sa\u00fade (SUS) ter\u00e3o consultas virtuais nos postos de sa\u00fade da aten\u00e7\u00e3o prim\u00e1ria a partir do m\u00eas de maio. As consultas virtuais ser\u00e3o realizadas por equipes m\u00e9dicas e\u00a0de enfermagem e constituem\u00a0mais uma das estrat\u00e9gias do minist\u00e9rio para diminuir a propaga\u00e7\u00e3o do novo [&hellip;]<\/p>\n","protected":false},"author":96,"featured_media":159011,"comment_status":"closed","ping_status":"closed","sticky":false,"template":"","format":"standard","meta":{"footnotes":""},"categories":[302,436,439],"tags":[],"class_list":["post-159010","post","type-post","status-publish","format-standard","has-post-thumbnail","hentry","category-brasil-mundo","category-destaque-da-semana","category-ultima-hora"],"_links":{"self":[{"href":"https:\/\/diarioregionaldigital.com.br\/index.php?rest_route=\/wp\/v2\/posts\/159010","targetHints":{"allow":["GET"]}}],"collection":[{"href":"https:\/\/diarioregionaldigital.com.br\/index.php?rest_route=\/wp\/v2\/posts"}],"about":[{"href":"https:\/\/diarioregionaldigital.com.br\/index.php?rest_route=\/wp\/v2\/types\/post"}],"author":[{"embeddable":true,"href":"https:\/\/diarioregionaldigital.com.br\/index.php?rest_route=\/wp\/v2\/users\/96"}],"replies":[{"embeddable":true,"href":"https:\/\/diarioregionaldigital.com.br\/index.php?rest_route=%2Fwp%2Fv2%2Fcomments&post=159010"}],"version-history":[{"count":0,"href":"https:\/\/diarioregionaldigital.com.br\/index.php?rest_route=\/wp\/v2\/posts\/159010\/revisions"}],"wp:featuredmedia":[{"embeddable":true,"href":"https:\/\/diarioregionaldigital.com.br\/index.php?rest_route=\/wp\/v2\/media\/159011"}],"wp:attachment":[{"href":"https:\/\/diarioregionaldigital.com.br\/index.php?rest_route=%2Fwp%2Fv2%2Fmedia&parent=159010"}],"wp:term":[{"taxonomy":"category","embeddable":true,"href":"https:\/\/diarioregionaldigital.com.br\/index.php?rest_route=%2Fwp%2Fv2%2Fcategories&post=159010"},{"taxonomy":"post_tag","embeddable":true,"href":"https:\/\/diarioregionaldigital.com.br\/index.php?rest_route=%2Fwp%2Fv2%2Ftags&post=159010"}],"curies":[{"name":"wp","href":"https:\/\/api.w.org\/{rel}","templated":true}]}}