{"id":158982,"date":"2020-04-24T01:28:09","date_gmt":"2020-04-24T04:28:09","guid":{"rendered":"https:\/\/diarioregionaldigital.com.br\/?p=158982"},"modified":"2020-04-24T01:28:09","modified_gmt":"2020-04-24T04:28:09","slug":"cores-3","status":"publish","type":"post","link":"https:\/\/diarioregionaldigital.com.br\/?p=158982","title":{"rendered":"CORES:"},"content":{"rendered":"<p style=\"text-align: center\"><span style=\"font-size: 24pt\">J\u00e1 falamos por aqui que os tons terrosos est\u00e3o com tudo nesse inverno e agora vamos te dar algumas<\/span><br \/>\n<span style=\"font-size: 24pt\">dicas para se inspirar nos dias mais frios, entre cores, combina\u00e7\u00f5es e texturas!<\/span><\/p>\n<p>&nbsp;<\/p>\n<p><span style=\"font-size: 18pt\"><a href=\"https:\/\/diarioregionaldigital.com.br\/wp-content\/uploads\/2020\/04\/diario-pagina-07-19.pdf\">CLIQUE AQUI PARA LER A COLUNA COMPLETA!<\/a><\/span><\/p>\n","protected":false},"excerpt":{"rendered":"<p>J\u00e1 falamos por aqui que os tons terrosos est\u00e3o com tudo nesse inverno e agora vamos te dar algumas dicas para se inspirar nos dias mais frios, entre cores, combina\u00e7\u00f5es e texturas! &nbsp; CLIQUE AQUI PARA LER A COLUNA COMPLETA!<\/p>\n","protected":false},"author":96,"featured_media":0,"comment_status":"closed","ping_status":"closed","sticky":false,"template":"","format":"standard","meta":{"footnotes":""},"categories":[1228],"tags":[],"class_list":["post-158982","post","type-post","status-publish","format-standard","hentry","category-moda-deusiane-ladeira"],"_links":{"self":[{"href":"https:\/\/diarioregionaldigital.com.br\/index.php?rest_route=\/wp\/v2\/posts\/158982","targetHints":{"allow":["GET"]}}],"collection":[{"href":"https:\/\/diarioregionaldigital.com.br\/index.php?rest_route=\/wp\/v2\/posts"}],"about":[{"href":"https:\/\/diarioregionaldigital.com.br\/index.php?rest_route=\/wp\/v2\/types\/post"}],"author":[{"embeddable":true,"href":"https:\/\/diarioregionaldigital.com.br\/index.php?rest_route=\/wp\/v2\/users\/96"}],"replies":[{"embeddable":true,"href":"https:\/\/diarioregionaldigital.com.br\/index.php?rest_route=%2Fwp%2Fv2%2Fcomments&post=158982"}],"version-history":[{"count":0,"href":"https:\/\/diarioregionaldigital.com.br\/index.php?rest_route=\/wp\/v2\/posts\/158982\/revisions"}],"wp:attachment":[{"href":"https:\/\/diarioregionaldigital.com.br\/index.php?rest_route=%2Fwp%2Fv2%2Fmedia&parent=158982"}],"wp:term":[{"taxonomy":"category","embeddable":true,"href":"https:\/\/diarioregionaldigital.com.br\/index.php?rest_route=%2Fwp%2Fv2%2Fcategories&post=158982"},{"taxonomy":"post_tag","embeddable":true,"href":"https:\/\/diarioregionaldigital.com.br\/index.php?rest_route=%2Fwp%2Fv2%2Ftags&post=158982"}],"curies":[{"name":"wp","href":"https:\/\/api.w.org\/{rel}","templated":true}]}}