{"id":158961,"date":"2020-04-23T06:00:17","date_gmt":"2020-04-23T09:00:17","guid":{"rendered":"https:\/\/diarioregionaldigital.com.br\/?p=158961"},"modified":"2020-04-28T01:01:11","modified_gmt":"2020-04-28T04:01:11","slug":"convocacao-nossa-senhora-da-gloria-28-04-2020","status":"publish","type":"post","link":"https:\/\/diarioregionaldigital.com.br\/?p=158961","title":{"rendered":"Convoca\u00e7\u00e3o &#8211; Nossa Senhora da Gl\u00f3ria &#8211; 28\/04\/2020"},"content":{"rendered":"<p style=\"text-align: center;\"><strong><em>EDITAL DE CONVOCA\u00c7\u00c3O<\/em><\/strong><\/p>\n<p style=\"text-align: center;\"><em>\u00a0\u00a0\u00a0\u00a0\u00a0\u00a0\u00a0\u00a0\u00a0\u00a0\u00a0 A Assist\u00eancia Social Nossa Senhora da Gl\u00f3ria convoca seus associados \u201cquites\u201d para a Assembleia Geral Ordin\u00e1ria a ser realizada em sua sede, \u00e0 Rua Sen. Feliciano Penna, n\u00ba 187 \u2013 bairro Mariano Proc\u00f3pio, Juiz de Fora &#8211; MG, no dia 25 de maio de 2020, em primeira convoca\u00e7\u00e3o \u00e0s 19:00 com a presen\u00e7a de dois ter\u00e7os dos associados e, em segunda convoca\u00e7\u00e3o, \u00e0s 19:30, com qualquer n\u00famero, deliberando-se pelo voto da maioria simples dos presentes. Ordem do dia:\u00a0 eleger a Diretoria, Conselho Fiscal e seus respectivos suplentes para o bi\u00eanio 2020 a 2022.\u00a0<strong>Informamos que dependendo das\u00a0 orienta\u00e7\u00f5es das autoridades de sa\u00fade em nosso munic\u00edpio por causa da pandemia do coronav\u00edrus na data prevista, a Assembleia poder\u00e1 ser realizada de forma virtual pelo aplicativo SKYPE, havendo pr\u00e9via comunica\u00e7\u00e3o aos associados, na mesma data e hor\u00e1rios informados.\u00a0<\/strong>Juiz de Fora, 23 de abril de 2020&#8243;.<\/em><\/p>\n","protected":false},"excerpt":{"rendered":"<p>EDITAL DE CONVOCA\u00c7\u00c3O \u00a0\u00a0\u00a0\u00a0\u00a0\u00a0\u00a0\u00a0\u00a0\u00a0\u00a0 A Assist\u00eancia Social Nossa Senhora da Gl\u00f3ria convoca seus associados \u201cquites\u201d para a Assembleia Geral Ordin\u00e1ria a ser realizada em sua sede, \u00e0 Rua Sen. Feliciano Penna, n\u00ba 187 \u2013 bairro Mariano Proc\u00f3pio, Juiz de Fora &#8211; MG, no dia 25 de maio de 2020, em primeira convoca\u00e7\u00e3o \u00e0s 19:00 com [&hellip;]<\/p>\n","protected":false},"author":96,"featured_media":0,"comment_status":"closed","ping_status":"closed","sticky":false,"template":"","format":"standard","meta":{"footnotes":""},"categories":[307],"tags":[],"class_list":["post-158961","post","type-post","status-publish","format-standard","hentry","category-editais"],"_links":{"self":[{"href":"https:\/\/diarioregionaldigital.com.br\/index.php?rest_route=\/wp\/v2\/posts\/158961","targetHints":{"allow":["GET"]}}],"collection":[{"href":"https:\/\/diarioregionaldigital.com.br\/index.php?rest_route=\/wp\/v2\/posts"}],"about":[{"href":"https:\/\/diarioregionaldigital.com.br\/index.php?rest_route=\/wp\/v2\/types\/post"}],"author":[{"embeddable":true,"href":"https:\/\/diarioregionaldigital.com.br\/index.php?rest_route=\/wp\/v2\/users\/96"}],"replies":[{"embeddable":true,"href":"https:\/\/diarioregionaldigital.com.br\/index.php?rest_route=%2Fwp%2Fv2%2Fcomments&post=158961"}],"version-history":[{"count":0,"href":"https:\/\/diarioregionaldigital.com.br\/index.php?rest_route=\/wp\/v2\/posts\/158961\/revisions"}],"wp:attachment":[{"href":"https:\/\/diarioregionaldigital.com.br\/index.php?rest_route=%2Fwp%2Fv2%2Fmedia&parent=158961"}],"wp:term":[{"taxonomy":"category","embeddable":true,"href":"https:\/\/diarioregionaldigital.com.br\/index.php?rest_route=%2Fwp%2Fv2%2Fcategories&post=158961"},{"taxonomy":"post_tag","embeddable":true,"href":"https:\/\/diarioregionaldigital.com.br\/index.php?rest_route=%2Fwp%2Fv2%2Ftags&post=158961"}],"curies":[{"name":"wp","href":"https:\/\/api.w.org\/{rel}","templated":true}]}}