{"id":158952,"date":"2020-04-23T21:24:33","date_gmt":"2020-04-24T00:24:33","guid":{"rendered":"https:\/\/diarioregionaldigital.com.br\/?p=158952"},"modified":"2020-04-23T21:24:33","modified_gmt":"2020-04-24T00:24:33","slug":"prf-recupera-veiculo-roubado-no-para-em-2018","status":"publish","type":"post","link":"https:\/\/diarioregionaldigital.com.br\/?p=158952","title":{"rendered":"PRF recupera ve\u00edculo roubado no Par\u00e1 em 2018"},"content":{"rendered":"<p>No fim da tarde dessa quinta-feira (23), a Pol\u00edcia Rodovi\u00e1ria Federal (PRF), abordou um ve\u00edculo suspeito na altura do Km 760 da BR-040 em Juiz de Fora. Segundo informa\u00e7\u00f5es, trata-se de um autom\u00f3vel que havia sido roubado no estado do Par\u00e1 no ano de 2018,\u00a0<span style=\"font-weight: 400;\">que tinha placas de Belo Horizonte &#8211; MG, e era conduzido por um t\u00e9cnico em telecomunica\u00e7\u00f5es de 43 anos, residente em Juiz de Fora, que n\u00e3o soube informar o motivo pelo qual havia passado por aquela estrada vicinal.<\/span><\/p>\n<p><span style=\"font-weight: 400;\">Durante a abordagem, foram solicitados os documentos de porte obrigat\u00f3rio para o condutor, momento em que, ap\u00f3s consultas aos sistemas informatizados, foram observados ind\u00edcios de inautenticidade no CRLV apresentado.<\/span><\/p>\n<p><span style=\"font-weight: 400;\">Diante disso o ve\u00edculo foi conduzido at\u00e9 a Unidade Operacional da PRF onde, ap\u00f3s vistoria nos elementos de identifica\u00e7\u00e3o veicular, os policiais constataram ind\u00edcios de adultera\u00e7\u00e3o na grava\u00e7\u00e3o de diversos elementos identificadores previstos na legisla\u00e7\u00e3o.\u00a0<\/span><\/p>\n<p><span style=\"font-weight: 400;\">Diante da constata\u00e7\u00e3o da pr\u00e1tica popularmente conhecida como clonagem veicular, o ve\u00edculo e o condutor foram encaminhados para a Delegacia de Pol\u00edcia Federal de Juiz de Fora para apura\u00e7\u00e3o dos crimes de uso de documento falso, recepta\u00e7\u00e3o e adultera\u00e7\u00e3o de elementos identificadores de ve\u00edculo e demais provid\u00eancias e averigua\u00e7\u00f5es cab\u00edveis.<\/span><\/p>\n","protected":false},"excerpt":{"rendered":"<p>No fim da tarde dessa quinta-feira (23), a Pol\u00edcia Rodovi\u00e1ria Federal (PRF), abordou um ve\u00edculo suspeito na altura do Km 760 da BR-040 em Juiz de Fora. Segundo informa\u00e7\u00f5es, trata-se de um autom\u00f3vel que havia sido roubado no estado do Par\u00e1 no ano de 2018,\u00a0que tinha placas de Belo Horizonte &#8211; MG, e era conduzido [&hellip;]<\/p>\n","protected":false},"author":96,"featured_media":158953,"comment_status":"closed","ping_status":"closed","sticky":false,"template":"","format":"standard","meta":{"footnotes":""},"categories":[301,436,439],"tags":[],"class_list":["post-158952","post","type-post","status-publish","format-standard","has-post-thumbnail","hentry","category-artigos-policiais","category-destaque-da-semana","category-ultima-hora"],"_links":{"self":[{"href":"https:\/\/diarioregionaldigital.com.br\/index.php?rest_route=\/wp\/v2\/posts\/158952","targetHints":{"allow":["GET"]}}],"collection":[{"href":"https:\/\/diarioregionaldigital.com.br\/index.php?rest_route=\/wp\/v2\/posts"}],"about":[{"href":"https:\/\/diarioregionaldigital.com.br\/index.php?rest_route=\/wp\/v2\/types\/post"}],"author":[{"embeddable":true,"href":"https:\/\/diarioregionaldigital.com.br\/index.php?rest_route=\/wp\/v2\/users\/96"}],"replies":[{"embeddable":true,"href":"https:\/\/diarioregionaldigital.com.br\/index.php?rest_route=%2Fwp%2Fv2%2Fcomments&post=158952"}],"version-history":[{"count":0,"href":"https:\/\/diarioregionaldigital.com.br\/index.php?rest_route=\/wp\/v2\/posts\/158952\/revisions"}],"wp:featuredmedia":[{"embeddable":true,"href":"https:\/\/diarioregionaldigital.com.br\/index.php?rest_route=\/wp\/v2\/media\/158953"}],"wp:attachment":[{"href":"https:\/\/diarioregionaldigital.com.br\/index.php?rest_route=%2Fwp%2Fv2%2Fmedia&parent=158952"}],"wp:term":[{"taxonomy":"category","embeddable":true,"href":"https:\/\/diarioregionaldigital.com.br\/index.php?rest_route=%2Fwp%2Fv2%2Fcategories&post=158952"},{"taxonomy":"post_tag","embeddable":true,"href":"https:\/\/diarioregionaldigital.com.br\/index.php?rest_route=%2Fwp%2Fv2%2Ftags&post=158952"}],"curies":[{"name":"wp","href":"https:\/\/api.w.org\/{rel}","templated":true}]}}