{"id":158950,"date":"2020-04-23T21:18:01","date_gmt":"2020-04-24T00:18:01","guid":{"rendered":"https:\/\/diarioregionaldigital.com.br\/?p=158950"},"modified":"2020-04-23T21:18:01","modified_gmt":"2020-04-24T00:18:01","slug":"operacao-da-pm-desmantela-trafico-de-drogas","status":"publish","type":"post","link":"https:\/\/diarioregionaldigital.com.br\/?p=158950","title":{"rendered":"Opera\u00e7\u00e3o da PM desmantela tr\u00e1fico de drogas"},"content":{"rendered":"<p>Uma opera\u00e7\u00e3o feita pela Pol\u00edcia Militar (PM) desmantelou um esquema de tr\u00e1fico de drogas no Bairro Monte Castelo (Regi\u00e3o Noroeste) nessa quarta-feira (22) em Juiz de Fora). Ao chegar no local, os militares obtiveram \u00eaxito em prender os infratores em flagrantes. Ao todo foram apreendidos 122 pedras de crack, R$539,75 em dinheiro, um r\u00e1dio transmissor, uma faca, sacos pl\u00e1sticos para embalar drogas, uma tesoura, uma balan\u00e7a digital, dez papelotes de coca\u00edna, um bin\u00f3culo, um carregador e uma garrucha de dois canos.\u00a0Autores presos em flagrante e conduzidos junto com os respectivos materiais \u00e0 presen\u00e7a da autoridade de pol\u00edcia judici\u00e1ria para as demais provid\u00eancias.<\/p>\n","protected":false},"excerpt":{"rendered":"<p>Uma opera\u00e7\u00e3o feita pela Pol\u00edcia Militar (PM) desmantelou um esquema de tr\u00e1fico de drogas no Bairro Monte Castelo (Regi\u00e3o Noroeste) nessa quarta-feira (22) em Juiz de Fora). Ao chegar no local, os militares obtiveram \u00eaxito em prender os infratores em flagrantes. Ao todo foram apreendidos 122 pedras de crack, R$539,75 em dinheiro, um r\u00e1dio transmissor, [&hellip;]<\/p>\n","protected":false},"author":96,"featured_media":97342,"comment_status":"closed","ping_status":"closed","sticky":false,"template":"","format":"standard","meta":{"footnotes":""},"categories":[301,436,439],"tags":[],"class_list":["post-158950","post","type-post","status-publish","format-standard","has-post-thumbnail","hentry","category-artigos-policiais","category-destaque-da-semana","category-ultima-hora"],"_links":{"self":[{"href":"https:\/\/diarioregionaldigital.com.br\/index.php?rest_route=\/wp\/v2\/posts\/158950","targetHints":{"allow":["GET"]}}],"collection":[{"href":"https:\/\/diarioregionaldigital.com.br\/index.php?rest_route=\/wp\/v2\/posts"}],"about":[{"href":"https:\/\/diarioregionaldigital.com.br\/index.php?rest_route=\/wp\/v2\/types\/post"}],"author":[{"embeddable":true,"href":"https:\/\/diarioregionaldigital.com.br\/index.php?rest_route=\/wp\/v2\/users\/96"}],"replies":[{"embeddable":true,"href":"https:\/\/diarioregionaldigital.com.br\/index.php?rest_route=%2Fwp%2Fv2%2Fcomments&post=158950"}],"version-history":[{"count":0,"href":"https:\/\/diarioregionaldigital.com.br\/index.php?rest_route=\/wp\/v2\/posts\/158950\/revisions"}],"wp:featuredmedia":[{"embeddable":true,"href":"https:\/\/diarioregionaldigital.com.br\/index.php?rest_route=\/wp\/v2\/media\/97342"}],"wp:attachment":[{"href":"https:\/\/diarioregionaldigital.com.br\/index.php?rest_route=%2Fwp%2Fv2%2Fmedia&parent=158950"}],"wp:term":[{"taxonomy":"category","embeddable":true,"href":"https:\/\/diarioregionaldigital.com.br\/index.php?rest_route=%2Fwp%2Fv2%2Fcategories&post=158950"},{"taxonomy":"post_tag","embeddable":true,"href":"https:\/\/diarioregionaldigital.com.br\/index.php?rest_route=%2Fwp%2Fv2%2Ftags&post=158950"}],"curies":[{"name":"wp","href":"https:\/\/api.w.org\/{rel}","templated":true}]}}