{"id":158948,"date":"2020-04-23T21:13:15","date_gmt":"2020-04-24T00:13:15","guid":{"rendered":"https:\/\/diarioregionaldigital.com.br\/?p=158948"},"modified":"2020-04-23T21:13:15","modified_gmt":"2020-04-24T00:13:15","slug":"foragidos-da-justica-sao-presos-no-rio-de-janeiro","status":"publish","type":"post","link":"https:\/\/diarioregionaldigital.com.br\/?p=158948","title":{"rendered":"Foragidos da Justi\u00e7a s\u00e3o presos no Rio de Janeiro"},"content":{"rendered":"<p><span style=\"font-weight: 400;\">Em a\u00e7\u00e3o conjunta entre a Pol\u00edcia Civil de Minas Gerais (PCMG) e a Pol\u00edcia Civil do Estado do Rio de Janeiro (PCERJ) realizada nessa quarta-feira (22), um homem de 25 anos e uma mulher de 26, ambos foragidos da Justi\u00e7a, foram presos.<\/span><\/p>\n<p><span style=\"font-weight: 400;\">A dupla estava escondida no Rio de Janeiro (RJ) e estava foragida desde o ano de 2018, por envolvimento em um homic\u00eddio ocorrido no dia 29 de agosto de 2018, no bairro Linhares, localizado no munic\u00edpio de Juiz de Fora. Segundo apurado pela Delegacia Especializada de Homic\u00eddios em Juiz de Fora, a v\u00edtima foi morta por disparos de arma de fogo devido \u00e0 d\u00edvida de drogas. O crime ocorreu com a participa\u00e7\u00e3o de outros dois envolvidos, que j\u00e1 foram presos anteriormente.<\/span><\/p>\n<p><span style=\"font-weight: 400;\">A mulher foi condenada no dia 30 de novembro de 2018 a 21 anos de pris\u00e3o por tr\u00e1fico de drogas, associa\u00e7\u00e3o para o tr\u00e1fico e favorecimento real, al\u00e9m de j\u00e1 ter sido indiciada por porte de arma em 2016 e por participa\u00e7\u00e3o em um homic\u00eddio ocorrido no dia 1\u00ba de outubro de 2014, no interior de uma UBS do bairro Santa Rita. Al\u00e9m disso, ela tamb\u00e9m possui envolvimento em outros inqu\u00e9ritos policiais que est\u00e3o em andamento. \u201c\u00c9 considerada a principal foragida desta Delegacia Especializada\u201d, destacou o Delegado Rodrigo Rolli, respons\u00e1vel pelas investiga\u00e7\u00f5es, complementando que a a\u00e7\u00e3o realizada em outro estado tamb\u00e9m contou com a atua\u00e7\u00e3o de policiais civis do 4\u00ba Departamento e com a colabora\u00e7\u00e3o da Delegacia Especializada em Armas, Muni\u00e7\u00f5es e Explosivos da Pol\u00edcia Civil (Desarme) do Rio de Janeiro.<\/span><\/p>\n<p><span style=\"font-weight: 400;\">Segundo a autoridade policial, a Pol\u00edcia Judici\u00e1ria continuar\u00e1 trabalhando no fortalecimento da Seguran\u00e7a P\u00fablica. \u201cA Delegacia Especializada de Homic\u00eddios gostaria de ressaltar que utilizar\u00e1 de todas as ferramentas ao seu alcance e esfor\u00e7os a fim de efetivar as pris\u00f5es dos foragidos de inqu\u00e9ritos e processos criminais no que tange a homic\u00eddios com o intuito de demonstrar uma resposta efetiva perante a sociedade juiz-forana e demonstrar aos autores que n\u00e3o haver\u00e1 impunidade\u201d, concluiu.<\/span><\/p>\n<p><span style=\"font-weight: 400;\">Segundo o Delegado Regional de Juiz de Fora, Armando Av\u00f3lio Neto, apesar da pandemia, a Pol\u00edcia Civil segue atuante na regi\u00e3o e continua atenta, intensificando o enfrentamento \u00e0 criminalidade, principalmente nos casos de homic\u00eddios. Ele tamb\u00e9m ressaltou o alto \u00edndice de apura\u00e7\u00e3o desses crimes em Juiz de Fora, de quase 100%. \u201cAl\u00e9m disso, demonstramos, mais uma vez, que a PCMG n\u00e3o tem divisas, sobretudo, com essa pris\u00e3o de um dos suspeitos mais procurados da cidade em outro estado. Vamos continuar trabalhando para que mais autores sejam presos e julgados, na forma da lei, aumentando, cada vez mais, a sensa\u00e7\u00e3o de seguran\u00e7a na cidade\u201d, enfatizou.<\/span><\/p>\n<p><span style=\"font-weight: 400;\">Para o Chefe do 4\u00ba Departamento, Delegado-Geral Gustavo Ad\u00e9lio Lara Ferreira, o resultado dessa atua\u00e7\u00e3o integrada se deve ao engajamento das for\u00e7as de seguran\u00e7a e \u00e0 investiga\u00e7\u00e3o qualificada. \u201cContinuaremos combatendo incessantemente a criminalidade violenta, no munic\u00edpio de Juiz de Fora e em outras cidades da Zona da Mata mineira, regi\u00f5es que comp\u00f5em o 4\u00ba Departamento de Pol\u00edcia Civil. A Pol\u00edcia Civil n\u00e3o tem fronteiras e est\u00e1 no encal\u00e7o de criminosos com o apoio investigativo, bem como dos \u00f3rg\u00e3os jurisdicionais e do Minist\u00e9rio P\u00fablico\u201d, finalizou.<\/span><\/p>\n<p>&nbsp;<\/p>\n<p><strong>Fonte:\u00a0<\/strong>Assessoria<\/p>\n","protected":false},"excerpt":{"rendered":"<p>Em a\u00e7\u00e3o conjunta entre a Pol\u00edcia Civil de Minas Gerais (PCMG) e a Pol\u00edcia Civil do Estado do Rio de Janeiro (PCERJ) realizada nessa quarta-feira (22), um homem de 25 anos e uma mulher de 26, ambos foragidos da Justi\u00e7a, foram presos. A dupla estava escondida no Rio de Janeiro (RJ) e estava foragida desde [&hellip;]<\/p>\n","protected":false},"author":96,"featured_media":97342,"comment_status":"closed","ping_status":"closed","sticky":false,"template":"","format":"standard","meta":{"footnotes":""},"categories":[301,436,439],"tags":[],"class_list":["post-158948","post","type-post","status-publish","format-standard","has-post-thumbnail","hentry","category-artigos-policiais","category-destaque-da-semana","category-ultima-hora"],"_links":{"self":[{"href":"https:\/\/diarioregionaldigital.com.br\/index.php?rest_route=\/wp\/v2\/posts\/158948","targetHints":{"allow":["GET"]}}],"collection":[{"href":"https:\/\/diarioregionaldigital.com.br\/index.php?rest_route=\/wp\/v2\/posts"}],"about":[{"href":"https:\/\/diarioregionaldigital.com.br\/index.php?rest_route=\/wp\/v2\/types\/post"}],"author":[{"embeddable":true,"href":"https:\/\/diarioregionaldigital.com.br\/index.php?rest_route=\/wp\/v2\/users\/96"}],"replies":[{"embeddable":true,"href":"https:\/\/diarioregionaldigital.com.br\/index.php?rest_route=%2Fwp%2Fv2%2Fcomments&post=158948"}],"version-history":[{"count":0,"href":"https:\/\/diarioregionaldigital.com.br\/index.php?rest_route=\/wp\/v2\/posts\/158948\/revisions"}],"wp:featuredmedia":[{"embeddable":true,"href":"https:\/\/diarioregionaldigital.com.br\/index.php?rest_route=\/wp\/v2\/media\/97342"}],"wp:attachment":[{"href":"https:\/\/diarioregionaldigital.com.br\/index.php?rest_route=%2Fwp%2Fv2%2Fmedia&parent=158948"}],"wp:term":[{"taxonomy":"category","embeddable":true,"href":"https:\/\/diarioregionaldigital.com.br\/index.php?rest_route=%2Fwp%2Fv2%2Fcategories&post=158948"},{"taxonomy":"post_tag","embeddable":true,"href":"https:\/\/diarioregionaldigital.com.br\/index.php?rest_route=%2Fwp%2Fv2%2Ftags&post=158948"}],"curies":[{"name":"wp","href":"https:\/\/api.w.org\/{rel}","templated":true}]}}