{"id":158945,"date":"2020-04-23T21:11:17","date_gmt":"2020-04-24T00:11:17","guid":{"rendered":"https:\/\/diarioregionaldigital.com.br\/?p=158945"},"modified":"2020-04-23T21:11:17","modified_gmt":"2020-04-24T00:11:17","slug":"infrator-foge-apos-realizar-assalto-em-onibus-coletivo","status":"publish","type":"post","link":"https:\/\/diarioregionaldigital.com.br\/?p=158945","title":{"rendered":"Infrator foge ap\u00f3s realizar assalto em \u00f4nibus coletivo"},"content":{"rendered":"<p>Um suspeito assaltou um \u00f4nibus coletivo que faz a linha 736 Nova Benfica. Segundo relatos da v\u00edtima, um cobrador de 44 anos, um indiv\u00edduo entrou no ve\u00edculo e com posse de uma faca anunciou o assalto, levando quantia de R$ 80,00. O autor fugiu em dire\u00e7\u00e3o ao Bairro Vila Esperan\u00e7a, mas n\u00e3o foi encontrado.<\/p>\n","protected":false},"excerpt":{"rendered":"<p>Um suspeito assaltou um \u00f4nibus coletivo que faz a linha 736 Nova Benfica. Segundo relatos da v\u00edtima, um cobrador de 44 anos, um indiv\u00edduo entrou no ve\u00edculo e com posse de uma faca anunciou o assalto, levando quantia de R$ 80,00. O autor fugiu em dire\u00e7\u00e3o ao Bairro Vila Esperan\u00e7a, mas n\u00e3o foi encontrado.<\/p>\n","protected":false},"author":96,"featured_media":97342,"comment_status":"closed","ping_status":"closed","sticky":false,"template":"","format":"standard","meta":{"footnotes":""},"categories":[301,436,439],"tags":[],"class_list":["post-158945","post","type-post","status-publish","format-standard","has-post-thumbnail","hentry","category-artigos-policiais","category-destaque-da-semana","category-ultima-hora"],"_links":{"self":[{"href":"https:\/\/diarioregionaldigital.com.br\/index.php?rest_route=\/wp\/v2\/posts\/158945","targetHints":{"allow":["GET"]}}],"collection":[{"href":"https:\/\/diarioregionaldigital.com.br\/index.php?rest_route=\/wp\/v2\/posts"}],"about":[{"href":"https:\/\/diarioregionaldigital.com.br\/index.php?rest_route=\/wp\/v2\/types\/post"}],"author":[{"embeddable":true,"href":"https:\/\/diarioregionaldigital.com.br\/index.php?rest_route=\/wp\/v2\/users\/96"}],"replies":[{"embeddable":true,"href":"https:\/\/diarioregionaldigital.com.br\/index.php?rest_route=%2Fwp%2Fv2%2Fcomments&post=158945"}],"version-history":[{"count":0,"href":"https:\/\/diarioregionaldigital.com.br\/index.php?rest_route=\/wp\/v2\/posts\/158945\/revisions"}],"wp:featuredmedia":[{"embeddable":true,"href":"https:\/\/diarioregionaldigital.com.br\/index.php?rest_route=\/wp\/v2\/media\/97342"}],"wp:attachment":[{"href":"https:\/\/diarioregionaldigital.com.br\/index.php?rest_route=%2Fwp%2Fv2%2Fmedia&parent=158945"}],"wp:term":[{"taxonomy":"category","embeddable":true,"href":"https:\/\/diarioregionaldigital.com.br\/index.php?rest_route=%2Fwp%2Fv2%2Fcategories&post=158945"},{"taxonomy":"post_tag","embeddable":true,"href":"https:\/\/diarioregionaldigital.com.br\/index.php?rest_route=%2Fwp%2Fv2%2Ftags&post=158945"}],"curies":[{"name":"wp","href":"https:\/\/api.w.org\/{rel}","templated":true}]}}