{"id":158936,"date":"2020-04-23T21:07:03","date_gmt":"2020-04-24T00:07:03","guid":{"rendered":"https:\/\/diarioregionaldigital.com.br\/?p=158936"},"modified":"2020-04-23T21:07:03","modified_gmt":"2020-04-24T00:07:03","slug":"dupla-e-presa-ao-tentar-assaltar-padaria-no-alto-dos-passos","status":"publish","type":"post","link":"https:\/\/diarioregionaldigital.com.br\/?p=158936","title":{"rendered":"Dupla \u00e9 presa ao tentar assaltar padaria no Alto dos Passos"},"content":{"rendered":"<p>Dois jovens de 18 e 26 anos respectivamente, foram presos por tentar assaltar uma padaria no Bairro Alto dos Passos (Regi\u00e3o Central), nessa quarta-feira (22) em Juiz de Fora. Segundo informa\u00e7\u00f5es da Pol\u00edcia Militar (PM), uma viatura realizava patrulhamento pela Rua Don Vi\u00e7oso e deparou com uma dupla em atitude suspeita. Ao realizarem abordagem, os policiais encontraram uma pistola e 14 muni\u00e7\u00f5es calibre 9mm. Os suspeitos relataram que iriam assaltar uma padaria.\u00a0Mediante os fatos, foi dado voz de pris\u00e3o aos mesmos, sendo estes apresentados junto com a arma apreendida \u00e0 presen\u00e7a da autoridade de pol\u00edcia judici\u00e1ria.<\/p>\n","protected":false},"excerpt":{"rendered":"<p>Dois jovens de 18 e 26 anos respectivamente, foram presos por tentar assaltar uma padaria no Bairro Alto dos Passos (Regi\u00e3o Central), nessa quarta-feira (22) em Juiz de Fora. Segundo informa\u00e7\u00f5es da Pol\u00edcia Militar (PM), uma viatura realizava patrulhamento pela Rua Don Vi\u00e7oso e deparou com uma dupla em atitude suspeita. Ao realizarem abordagem, os [&hellip;]<\/p>\n","protected":false},"author":96,"featured_media":97342,"comment_status":"closed","ping_status":"closed","sticky":false,"template":"","format":"standard","meta":{"footnotes":""},"categories":[301,436,439],"tags":[],"class_list":["post-158936","post","type-post","status-publish","format-standard","has-post-thumbnail","hentry","category-artigos-policiais","category-destaque-da-semana","category-ultima-hora"],"_links":{"self":[{"href":"https:\/\/diarioregionaldigital.com.br\/index.php?rest_route=\/wp\/v2\/posts\/158936","targetHints":{"allow":["GET"]}}],"collection":[{"href":"https:\/\/diarioregionaldigital.com.br\/index.php?rest_route=\/wp\/v2\/posts"}],"about":[{"href":"https:\/\/diarioregionaldigital.com.br\/index.php?rest_route=\/wp\/v2\/types\/post"}],"author":[{"embeddable":true,"href":"https:\/\/diarioregionaldigital.com.br\/index.php?rest_route=\/wp\/v2\/users\/96"}],"replies":[{"embeddable":true,"href":"https:\/\/diarioregionaldigital.com.br\/index.php?rest_route=%2Fwp%2Fv2%2Fcomments&post=158936"}],"version-history":[{"count":0,"href":"https:\/\/diarioregionaldigital.com.br\/index.php?rest_route=\/wp\/v2\/posts\/158936\/revisions"}],"wp:featuredmedia":[{"embeddable":true,"href":"https:\/\/diarioregionaldigital.com.br\/index.php?rest_route=\/wp\/v2\/media\/97342"}],"wp:attachment":[{"href":"https:\/\/diarioregionaldigital.com.br\/index.php?rest_route=%2Fwp%2Fv2%2Fmedia&parent=158936"}],"wp:term":[{"taxonomy":"category","embeddable":true,"href":"https:\/\/diarioregionaldigital.com.br\/index.php?rest_route=%2Fwp%2Fv2%2Fcategories&post=158936"},{"taxonomy":"post_tag","embeddable":true,"href":"https:\/\/diarioregionaldigital.com.br\/index.php?rest_route=%2Fwp%2Fv2%2Ftags&post=158936"}],"curies":[{"name":"wp","href":"https:\/\/api.w.org\/{rel}","templated":true}]}}