{"id":158932,"date":"2020-04-23T21:02:05","date_gmt":"2020-04-24T00:02:05","guid":{"rendered":"https:\/\/diarioregionaldigital.com.br\/?p=158932"},"modified":"2020-04-23T21:02:05","modified_gmt":"2020-04-24T00:02:05","slug":"pm-encontra-arma-de-fogo-em-residencia-no-bairro-santa-rita","status":"publish","type":"post","link":"https:\/\/diarioregionaldigital.com.br\/?p=158932","title":{"rendered":"PM encontra arma de fogo em resid\u00eancia no Bairro Santa Rita"},"content":{"rendered":"<p>A Pol\u00edcia Militar (PM) encontrou uma arma de fogo dentro de uma resid\u00eancia no Bairro Santa Rita (Regi\u00e3o Leste) em Juiz de Fora. A guarni\u00e7\u00e3o recebeu informa\u00e7\u00f5es sobre o caso e deslocou at\u00e9 o endere\u00e7o informado e obteve \u00eaxito em localizar um rev\u00f3lver calibre 32 com numera\u00e7\u00e3o suprimida. Al\u00e9m disso, foi encontrado quantia de R$1.862 em dinheiro. O autor relatou aos policiais que era o propriet\u00e1rio da arma e que o dinheiro arrecadado era oriundo do tr\u00e1fico de drogas. Diante dos fatos o infrator foi preso em flagrante e conduzido para a Delegacia.<\/p>\n","protected":false},"excerpt":{"rendered":"<p>A Pol\u00edcia Militar (PM) encontrou uma arma de fogo dentro de uma resid\u00eancia no Bairro Santa Rita (Regi\u00e3o Leste) em Juiz de Fora. A guarni\u00e7\u00e3o recebeu informa\u00e7\u00f5es sobre o caso e deslocou at\u00e9 o endere\u00e7o informado e obteve \u00eaxito em localizar um rev\u00f3lver calibre 32 com numera\u00e7\u00e3o suprimida. Al\u00e9m disso, foi encontrado quantia de R$1.862 [&hellip;]<\/p>\n","protected":false},"author":96,"featured_media":97342,"comment_status":"closed","ping_status":"closed","sticky":false,"template":"","format":"standard","meta":{"footnotes":""},"categories":[301,436,439],"tags":[],"class_list":["post-158932","post","type-post","status-publish","format-standard","has-post-thumbnail","hentry","category-artigos-policiais","category-destaque-da-semana","category-ultima-hora"],"_links":{"self":[{"href":"https:\/\/diarioregionaldigital.com.br\/index.php?rest_route=\/wp\/v2\/posts\/158932","targetHints":{"allow":["GET"]}}],"collection":[{"href":"https:\/\/diarioregionaldigital.com.br\/index.php?rest_route=\/wp\/v2\/posts"}],"about":[{"href":"https:\/\/diarioregionaldigital.com.br\/index.php?rest_route=\/wp\/v2\/types\/post"}],"author":[{"embeddable":true,"href":"https:\/\/diarioregionaldigital.com.br\/index.php?rest_route=\/wp\/v2\/users\/96"}],"replies":[{"embeddable":true,"href":"https:\/\/diarioregionaldigital.com.br\/index.php?rest_route=%2Fwp%2Fv2%2Fcomments&post=158932"}],"version-history":[{"count":0,"href":"https:\/\/diarioregionaldigital.com.br\/index.php?rest_route=\/wp\/v2\/posts\/158932\/revisions"}],"wp:featuredmedia":[{"embeddable":true,"href":"https:\/\/diarioregionaldigital.com.br\/index.php?rest_route=\/wp\/v2\/media\/97342"}],"wp:attachment":[{"href":"https:\/\/diarioregionaldigital.com.br\/index.php?rest_route=%2Fwp%2Fv2%2Fmedia&parent=158932"}],"wp:term":[{"taxonomy":"category","embeddable":true,"href":"https:\/\/diarioregionaldigital.com.br\/index.php?rest_route=%2Fwp%2Fv2%2Fcategories&post=158932"},{"taxonomy":"post_tag","embeddable":true,"href":"https:\/\/diarioregionaldigital.com.br\/index.php?rest_route=%2Fwp%2Fv2%2Ftags&post=158932"}],"curies":[{"name":"wp","href":"https:\/\/api.w.org\/{rel}","templated":true}]}}