{"id":158929,"date":"2020-04-23T19:59:58","date_gmt":"2020-04-23T22:59:58","guid":{"rendered":"https:\/\/diarioregionaldigital.com.br\/?p=158929"},"modified":"2020-04-23T19:59:58","modified_gmt":"2020-04-23T22:59:58","slug":"selecao-solidaria-vai-atender-32-mil-familias-em-situacao-de-vulnerabilidade-por-dois-meses","status":"publish","type":"post","link":"https:\/\/diarioregionaldigital.com.br\/?p=158929","title":{"rendered":"Sele\u00e7\u00e3o Solid\u00e1ria vai atender 32 mil fam\u00edlias em situa\u00e7\u00e3o de vulnerabilidade por dois meses"},"content":{"rendered":"<p>Futebol e solidariedade lado a lado. Em uma a\u00e7\u00e3o conjunta da Confedera\u00e7\u00e3o Brasileira de Futebol (CBF), comiss\u00e3o t\u00e9cnica e atletas recentemente convocados para a Sele\u00e7\u00e3o Brasileira, teve in\u00edcio nessa semana, o Movimento Sele\u00e7\u00e3o Solid\u00e1ria, cujo objetivo \u00e9 atender fam\u00edlias em situa\u00e7\u00e3o de vulnerabilidade em todo o pa\u00eds.<\/p>\n<p>Com o total de R$ 5 milh\u00f5es j\u00e1 arrecadado, ser\u00e1 poss\u00edvel atender 32 mil fam\u00edlias pelos pr\u00f3ximos dois meses, atrav\u00e9s das entidades A\u00e7\u00e3o da Cidadania, Central \u00danica das Favelas (CUFA) e Transforma Brasil.<\/p>\n<p>Juntos, os jogadores que estiveram em convoca\u00e7\u00f5es recentes da Sele\u00e7\u00e3o Brasileira, a comiss\u00e3o t\u00e9cnica e o Presidente da CBF, Rog\u00e9rio Caboclo, fizeram doa\u00e7\u00f5es que somaram um total de R$ 2,5 milh\u00f5es. Como compromisso assumido com os atletas, a CBF dobrou este valor, totalizando R$ 5 milh\u00f5es, que agora ser\u00e3o encaminhados para a compra e distribui\u00e7\u00e3o das cestas b\u00e1sicas.<\/p>\n<p>\u201cO futebol est\u00e1 na vida dos brasileiros. Muito importante contribuirmos tamb\u00e9m nesse momento t\u00e3o dif\u00edcil. Esta \u00e9 uma mobiliza\u00e7\u00e3o conjunta da CBF, dos atletas e da comiss\u00e3o t\u00e9cnica que levar\u00e1 esperan\u00e7a a milhares de fam\u00edlias\u201d afirma Rog\u00e9rio Caboclo.<\/p>\n<p>Em sua segunda fase, o Sele\u00e7\u00e3o Solid\u00e1ria ter\u00e1 como desafio convocar outros atletas e os torcedores em geral e, assim, conquistar novas ades\u00f5es para este desafio do bem. Por meio das redes sociais da CBF e dos jogadores, a ideia \u00e9 unir for\u00e7as para que mais doa\u00e7\u00f5es cheguem \u00e0s tr\u00eas entidades e possam atender um n\u00famero ainda maior de pessoas. Todos os valores doados e repassados \u00e0s institui\u00e7\u00f5es, bem como a aplica\u00e7\u00e3o desses recursos, ser\u00e3o monitorados pela EY, que atuar\u00e1 de forma volunt\u00e1ria neste projeto.<\/p>\n<p><strong>Movimento Sele\u00e7\u00e3o Solid\u00e1ria<\/strong><\/p>\n<p>Participaram da arrecada\u00e7\u00e3o dos valores doados: Alex Sandro, Alex Telles, Alisson, Alo\u00edsio Rocha, Allan, Arthur, Bruno Baquete, Bruno Guimar\u00e3es, Bruno Henrique, Casemiro, C\u00e9sar Sampaio, Cl\u00e9ber Xavier, Daniel Alves, Danilo, David Neres, Diego Ribas, Douglas Luiz, \u00c9der Milit\u00e3o, Ederson, Everton, Everton Ribeiro, F\u00e1bio Mahseredjian, Felipe, Fernandinho, Filipe Lu\u00eds, Gabriel Barbosa, Gabriel Jesus, Geromel, Guilherme Passos, Hamilton Correia, Juninho Paulista, Lucas Paquet\u00e1, Luis Vagner Vivian, Marquinhos, Matheus Bachi, Miranda, Neymar, Pablo, Paulinho, Philippe Coutinho, Renan Lodi, Renato Augusto, Richarlison, Roberto Firmino, Rodrigo Caio, Rodrigo Lasmar, Rodrygo, Rog\u00e9rio Caboclo, Santos, Taffarel, Taison, Tite, Thiago Silva, Thomaz Koerich, Vin\u00edcius Rodrigues, Weverton e Willian.<\/p>\n<p><strong>Sobre a A\u00e7\u00e3o da Cidadania<\/strong><\/p>\n<p>Fundada pelo soci\u00f3logo Herbert de Souza, o Betinho, a A\u00e7\u00e3o da Cidadania nasceu em 1993, formando uma imensa rede de mobiliza\u00e7\u00e3o de alcance nacional para ajudar 32 milh\u00f5es de brasileiros que, segundo dados do Instituto de Pesquisa Econ\u00f4mica Aplicada (Ipea), estavam abaixo da linha da pobreza. Criada no auge do Movimento pela \u00c9tica na Pol\u00edtica, a A\u00e7\u00e3o da Cidadania contra a Fome, a Mis\u00e9ria e pela Vida se transformou em um dos movimentos sociais mais reconhecidos do Brasil. Seu principal eixo de atua\u00e7\u00e3o \u00e9 uma extensa rede de mobiliza\u00e7\u00e3o formada por comit\u00eas locais da sociedade civil organizada, em sua maioria compostos por lideran\u00e7as comunit\u00e1rias, mas com participa\u00e7\u00e3o de todos os setores sociais. O A\u00e7\u00e3o da Cidadania lan\u00e7ou diversos projetos ao longo dos \u00faltimos 27 anos e conquistou grande notabilidade atrav\u00e9s deles, como o Natal sem Fome. Passou a desenvolver o A\u00e7\u00e3o contra o Corona desde o in\u00edcio da pandemia, com objetivo de levar alimentos para os mais atingidos pela crise do coronav\u00edrus.<\/p>\n<p><strong>Sobre a CUFA<\/strong><\/p>\n<p>A Central \u00danica das Favelas (CUFA) \u00e9 uma organiza\u00e7\u00e3o brasileira reconhecida nacional e internacionalmente nos \u00e2mbitos pol\u00edtico, social, esportivo e cultural que existe h\u00e1 20 anos. Foi criada a partir da uni\u00e3o entre jovens de v\u00e1rias comunidades, principalmente negros, que buscavam espa\u00e7os para expressarem suas atitudes, questionamentos ou simplesmente sua vontade de viver. A Central \u00danica das Favelas promove atividades nas \u00e1reas da educa\u00e7\u00e3o, lazer, esportes, cultura e cidadania, como grafite, DJ, break, rap, audiovisual, basquete de rua, literatura, al\u00e9m de outros projetos sociais. No esporte, um dos grandes projetos desenvolvidos pela CUFA \u00e9 a Ta\u00e7a das Favelas. A competi\u00e7\u00e3o de futebol envolve 64 equipes masculinas, 26 femininas e promove uma integra\u00e7\u00e3o entre as comunidades do Rio de Janeiro atrav\u00e9s do futebol.<\/p>\n<p><strong>Sobre o Transforma Brasil<\/strong><\/p>\n<p>O Transforma Brasil \u00e9 um movimento de solidariedade que conecta pessoas que precisam de ajuda \u00e0s pessoas que desejam ajudar. Para isso, desenvolveu a Plataforma Nacional de Voluntariado, que une a generosidade e a necessidade construindo uma nova cultura no Pa\u00eds reunindo iniciativas de voluntariado em todo o pa\u00eds. Depois de preencher um cadastro e uma r\u00e1pida descri\u00e7\u00e3o sobre a \u00e1rea de interesse, a plataforma realiza uma busca sobre organiza\u00e7\u00f5es ou entidades que est\u00e3o \u00e0 procura de volunt\u00e1rios. Assim, profissionais de diversas \u00e1reas podem se cadastrar e se identificar com causas que precisem de apoio. \u00c9 poss\u00edvel visitar asilos ou orfanatos, dar aulas de idiomas para imigrantes e at\u00e9 mesmo ser um guia tur\u00edstico tempor\u00e1rio. As a\u00e7\u00f5es de voluntariado est\u00e3o presentes em diversas \u00e1reas, como esporte, meio ambiente, treinamento profissional, pessoas com doen\u00e7as raras, deficientes f\u00edsicos, igualdade de g\u00eanero, combate \u00e0 pobreza, prote\u00e7\u00e3o animal, educa\u00e7\u00e3o, cultura e arte e muitos outros.<\/p>\n<p>&nbsp;<\/p>\n<p><strong>Fonte:\u00a0<\/strong>CBF<\/p>\n","protected":false},"excerpt":{"rendered":"<p>Futebol e solidariedade lado a lado. Em uma a\u00e7\u00e3o conjunta da Confedera\u00e7\u00e3o Brasileira de Futebol (CBF), comiss\u00e3o t\u00e9cnica e atletas recentemente convocados para a Sele\u00e7\u00e3o Brasileira, teve in\u00edcio nessa semana, o Movimento Sele\u00e7\u00e3o Solid\u00e1ria, cujo objetivo \u00e9 atender fam\u00edlias em situa\u00e7\u00e3o de vulnerabilidade em todo o pa\u00eds. Com o total de R$ 5 milh\u00f5es j\u00e1 [&hellip;]<\/p>\n","protected":false},"author":96,"featured_media":158930,"comment_status":"closed","ping_status":"closed","sticky":false,"template":"","format":"standard","meta":{"footnotes":""},"categories":[436,257,439],"tags":[],"class_list":["post-158929","post","type-post","status-publish","format-standard","has-post-thumbnail","hentry","category-destaque-da-semana","category-esporte","category-ultima-hora"],"_links":{"self":[{"href":"https:\/\/diarioregionaldigital.com.br\/index.php?rest_route=\/wp\/v2\/posts\/158929","targetHints":{"allow":["GET"]}}],"collection":[{"href":"https:\/\/diarioregionaldigital.com.br\/index.php?rest_route=\/wp\/v2\/posts"}],"about":[{"href":"https:\/\/diarioregionaldigital.com.br\/index.php?rest_route=\/wp\/v2\/types\/post"}],"author":[{"embeddable":true,"href":"https:\/\/diarioregionaldigital.com.br\/index.php?rest_route=\/wp\/v2\/users\/96"}],"replies":[{"embeddable":true,"href":"https:\/\/diarioregionaldigital.com.br\/index.php?rest_route=%2Fwp%2Fv2%2Fcomments&post=158929"}],"version-history":[{"count":0,"href":"https:\/\/diarioregionaldigital.com.br\/index.php?rest_route=\/wp\/v2\/posts\/158929\/revisions"}],"wp:featuredmedia":[{"embeddable":true,"href":"https:\/\/diarioregionaldigital.com.br\/index.php?rest_route=\/wp\/v2\/media\/158930"}],"wp:attachment":[{"href":"https:\/\/diarioregionaldigital.com.br\/index.php?rest_route=%2Fwp%2Fv2%2Fmedia&parent=158929"}],"wp:term":[{"taxonomy":"category","embeddable":true,"href":"https:\/\/diarioregionaldigital.com.br\/index.php?rest_route=%2Fwp%2Fv2%2Fcategories&post=158929"},{"taxonomy":"post_tag","embeddable":true,"href":"https:\/\/diarioregionaldigital.com.br\/index.php?rest_route=%2Fwp%2Fv2%2Ftags&post=158929"}],"curies":[{"name":"wp","href":"https:\/\/api.w.org\/{rel}","templated":true}]}}