{"id":158926,"date":"2020-04-23T19:58:31","date_gmt":"2020-04-23T22:58:31","guid":{"rendered":"https:\/\/diarioregionaldigital.com.br\/?p=158926"},"modified":"2020-04-23T19:58:31","modified_gmt":"2020-04-23T22:58:31","slug":"ferrari-nega-saida-da-f1-por-novo-teto-orcamentario","status":"publish","type":"post","link":"https:\/\/diarioregionaldigital.com.br\/?p=158926","title":{"rendered":"Ferrari nega sa\u00edda da F1 por novo teto or\u00e7ament\u00e1rio"},"content":{"rendered":"<p>Nessa quinta-feira (23), o jornal ingl\u00eas \u201cThe Guardian\u201d, divulgou uma manchete dizendo que a Ferrari iria abandonar a F1, caso o novo teto or\u00e7ament\u00e1rio imposto pela Federa\u00e7\u00e3o Internacional de Automobilismo (FIA), fosse abaixo do normal.<\/p>\n<p>O novo valor que entrar\u00e1 em vigor para o ano de 2021 e segundo informa\u00e7\u00f5es, o teto est\u00e1 estipulado no valor de US$ 175 milh\u00f5es (R$ 955 milh\u00f5es). No entanto, devido \u00e0 crise financeira causada pelos cancelamentos e suspens\u00f5es das corridas por causa do Coronav\u00edrus, as equipes menores pedem quantia abaixo de US$ 145 milh\u00f5es (R$ 790 milh\u00f5es).<\/p>\n<p>Diante dos fatos, o jornal \u201cThe Guardian\u201d entrevistou o chefe da Ferrari, Matia Binotto e o mesmo disse que \u00e9 contra a diminui\u00e7\u00e3o do teto pois teria que cortar funcion\u00e1rios. No entanto o jornal ingl\u00eas disse que nas palavras do mandat\u00e1rio, a Ferrari sairia da F1.<\/p>\n<p>Horas ap\u00f3s a publica\u00e7\u00e3o, a escuderia italiana divulgou uma nota oficial, negando qualquer chance de abandonar a principal categoria do automobilismo mundial e critica o erro na publica\u00e7\u00e3o da manchete feita pelo \u201cThe Guardian\u201d:<\/p>\n<p><em>\u201cCaros, gostar\u00edamos de esclarecer o que Mattia disse em sua entrevista ao The Guardian publicada nessa quarta-feira (22) \u00e0 noite. Ele nunca mencionou o fato de a Scuderia Ferrari deixar a F1. Pelo contr\u00e1rio, ele disse que n\u00e3o gostaria de ser colocado em uma posi\u00e7\u00e3o de ter de procurar outras op\u00e7\u00f5es, mas al\u00e9m da F1, para usar o nosso DNA de corrida, no caso de o teto or\u00e7ament\u00e1rio ser reduzido ainda mais, colocando em risco centenas de empregos. O entendimento err\u00f4neo foi causado pela manchete publicada primeiramente, mas que depois foi corrigida.\u201d<\/em><\/p>\n<p><em>\u00a0<\/em><\/p>\n<p><em>\u00a0<\/em><\/p>\n<p><em>\u00a0<\/em><\/p>\n<p>&nbsp;<\/p>\n","protected":false},"excerpt":{"rendered":"<p>Nessa quinta-feira (23), o jornal ingl\u00eas \u201cThe Guardian\u201d, divulgou uma manchete dizendo que a Ferrari iria abandonar a F1, caso o novo teto or\u00e7ament\u00e1rio imposto pela Federa\u00e7\u00e3o Internacional de Automobilismo (FIA), fosse abaixo do normal. O novo valor que entrar\u00e1 em vigor para o ano de 2021 e segundo informa\u00e7\u00f5es, o teto est\u00e1 estipulado no [&hellip;]<\/p>\n","protected":false},"author":96,"featured_media":158927,"comment_status":"closed","ping_status":"closed","sticky":false,"template":"","format":"standard","meta":{"footnotes":""},"categories":[436,257,439],"tags":[],"class_list":["post-158926","post","type-post","status-publish","format-standard","has-post-thumbnail","hentry","category-destaque-da-semana","category-esporte","category-ultima-hora"],"_links":{"self":[{"href":"https:\/\/diarioregionaldigital.com.br\/index.php?rest_route=\/wp\/v2\/posts\/158926","targetHints":{"allow":["GET"]}}],"collection":[{"href":"https:\/\/diarioregionaldigital.com.br\/index.php?rest_route=\/wp\/v2\/posts"}],"about":[{"href":"https:\/\/diarioregionaldigital.com.br\/index.php?rest_route=\/wp\/v2\/types\/post"}],"author":[{"embeddable":true,"href":"https:\/\/diarioregionaldigital.com.br\/index.php?rest_route=\/wp\/v2\/users\/96"}],"replies":[{"embeddable":true,"href":"https:\/\/diarioregionaldigital.com.br\/index.php?rest_route=%2Fwp%2Fv2%2Fcomments&post=158926"}],"version-history":[{"count":0,"href":"https:\/\/diarioregionaldigital.com.br\/index.php?rest_route=\/wp\/v2\/posts\/158926\/revisions"}],"wp:featuredmedia":[{"embeddable":true,"href":"https:\/\/diarioregionaldigital.com.br\/index.php?rest_route=\/wp\/v2\/media\/158927"}],"wp:attachment":[{"href":"https:\/\/diarioregionaldigital.com.br\/index.php?rest_route=%2Fwp%2Fv2%2Fmedia&parent=158926"}],"wp:term":[{"taxonomy":"category","embeddable":true,"href":"https:\/\/diarioregionaldigital.com.br\/index.php?rest_route=%2Fwp%2Fv2%2Fcategories&post=158926"},{"taxonomy":"post_tag","embeddable":true,"href":"https:\/\/diarioregionaldigital.com.br\/index.php?rest_route=%2Fwp%2Fv2%2Ftags&post=158926"}],"curies":[{"name":"wp","href":"https:\/\/api.w.org\/{rel}","templated":true}]}}