{"id":158913,"date":"2020-04-23T19:15:20","date_gmt":"2020-04-23T22:15:20","guid":{"rendered":"https:\/\/diarioregionaldigital.com.br\/?p=158913"},"modified":"2020-04-23T19:15:20","modified_gmt":"2020-04-23T22:15:20","slug":"futebol-alemao-pode-retornar-em-maio","status":"publish","type":"post","link":"https:\/\/diarioregionaldigital.com.br\/?p=158913","title":{"rendered":"Futebol alem\u00e3o pode retornar em maio"},"content":{"rendered":"<p>A Liga de Futebol da Alemanha (DFL em alem\u00e3o), anunciou nessa quinta-feira (23) uma poss\u00edvel volta da primeira e segunda divis\u00f5es do Campeonato Alem\u00e3o no m\u00eas de maio, com port\u00f5es fechados. No entanto, a decis\u00e3o vai depender de pol\u00edticos e autoridades locais. Al\u00e9m disso, haver\u00e1 uma reuni\u00e3o na pr\u00f3xima quinta-feira (30) para discutir o retorno do futebol no pa\u00eds, que est\u00e1 paralisado devido ao Coronav\u00edrus.<\/p>\n<p>Segundo o presidente da DFL, Christian Seifert, a decis\u00e3o n\u00e3o est\u00e1 nas m\u00e3os da entidade do futebol alem\u00e3o e que tudo depender\u00e1 do encontro da pr\u00f3xima semana:<\/p>\n<p>\u201cN\u00e3o est\u00e1 em nossas m\u00e3os dizer se vamos voltar ou quando. Temos muitas op\u00e7\u00f5es. Se tivermos uma sinaliza\u00e7\u00e3o na pr\u00f3xima semana de que pode ser no dia 9 de maio, ent\u00e3o ser\u00e1 no dia 9 de maio\u201d.<\/p>\n<p>Mesmo que a decis\u00e3o seja levada adiante, foi determinado tamb\u00e9m a proibi\u00e7\u00e3o da circula\u00e7\u00e3o de torcedores at\u00e9 mesmo fora dos est\u00e1dios. Christian Seifert diz que se as regras n\u00e3o forem cumpridas, a partida ser\u00e1 cancelada:<\/p>\n<p>\u201cEspero que os clubes consigam explicar isso aos seus torcedores. Quando voltarmos a jogar, as aglomera\u00e7\u00f5es fora do est\u00e1dio devem ser evitadas. Os torcedores precisam aceitar que os jogos n\u00e3o ser\u00e3o realizados desse modo, e se isso acontecer durante a partida, ela ser\u00e1 cancelada\u201d.<\/p>\n<p>Al\u00e9m disso, foi definido um limite do chamado pessoal operacional durante as partidas, como: 98 pessoas dentro de campo, 115 nas arquibancadas e, dependendo do est\u00e1dio e do jogo, mais 109 pessoas na \u00e1rea externa, incluindo policiais. Para os jogos da segunda divis\u00e3o, o limite \u00e9 de 90 pessoas em campo, 98 na arquibancada e, se preciso, mais 82 na \u00e1rea externa.<\/p>\n<p><strong>Situa\u00e7\u00e3o do Coronav\u00edrus pelo pa\u00eds:<\/strong><\/p>\n<p><strong>\u00a0\u00a0\u00a0\u00a0\u00a0\u00a0\u00a0\u00a0\u00a0 <\/strong>De acordo com o \u00faltimo relat\u00f3rio da Organiza\u00e7\u00e3o Mundial de Sa\u00fade, a Alemanha registrou at\u00e9 essa quinta-feira (22), 148 mil casos de Covid-19 com 5.094 mortes pela doen\u00e7a.<\/p>\n<p>&nbsp;<\/p>\n","protected":false},"excerpt":{"rendered":"<p>A Liga de Futebol da Alemanha (DFL em alem\u00e3o), anunciou nessa quinta-feira (23) uma poss\u00edvel volta da primeira e segunda divis\u00f5es do Campeonato Alem\u00e3o no m\u00eas de maio, com port\u00f5es fechados. No entanto, a decis\u00e3o vai depender de pol\u00edticos e autoridades locais. Al\u00e9m disso, haver\u00e1 uma reuni\u00e3o na pr\u00f3xima quinta-feira (30) para discutir o retorno [&hellip;]<\/p>\n","protected":false},"author":96,"featured_media":158914,"comment_status":"closed","ping_status":"closed","sticky":false,"template":"","format":"standard","meta":{"footnotes":""},"categories":[436,257,439],"tags":[],"class_list":["post-158913","post","type-post","status-publish","format-standard","has-post-thumbnail","hentry","category-destaque-da-semana","category-esporte","category-ultima-hora"],"_links":{"self":[{"href":"https:\/\/diarioregionaldigital.com.br\/index.php?rest_route=\/wp\/v2\/posts\/158913","targetHints":{"allow":["GET"]}}],"collection":[{"href":"https:\/\/diarioregionaldigital.com.br\/index.php?rest_route=\/wp\/v2\/posts"}],"about":[{"href":"https:\/\/diarioregionaldigital.com.br\/index.php?rest_route=\/wp\/v2\/types\/post"}],"author":[{"embeddable":true,"href":"https:\/\/diarioregionaldigital.com.br\/index.php?rest_route=\/wp\/v2\/users\/96"}],"replies":[{"embeddable":true,"href":"https:\/\/diarioregionaldigital.com.br\/index.php?rest_route=%2Fwp%2Fv2%2Fcomments&post=158913"}],"version-history":[{"count":0,"href":"https:\/\/diarioregionaldigital.com.br\/index.php?rest_route=\/wp\/v2\/posts\/158913\/revisions"}],"wp:featuredmedia":[{"embeddable":true,"href":"https:\/\/diarioregionaldigital.com.br\/index.php?rest_route=\/wp\/v2\/media\/158914"}],"wp:attachment":[{"href":"https:\/\/diarioregionaldigital.com.br\/index.php?rest_route=%2Fwp%2Fv2%2Fmedia&parent=158913"}],"wp:term":[{"taxonomy":"category","embeddable":true,"href":"https:\/\/diarioregionaldigital.com.br\/index.php?rest_route=%2Fwp%2Fv2%2Fcategories&post=158913"},{"taxonomy":"post_tag","embeddable":true,"href":"https:\/\/diarioregionaldigital.com.br\/index.php?rest_route=%2Fwp%2Fv2%2Ftags&post=158913"}],"curies":[{"name":"wp","href":"https:\/\/api.w.org\/{rel}","templated":true}]}}