{"id":158907,"date":"2020-04-23T19:12:14","date_gmt":"2020-04-23T22:12:14","guid":{"rendered":"https:\/\/diarioregionaldigital.com.br\/?p=158907"},"modified":"2020-04-23T19:12:14","modified_gmt":"2020-04-23T22:12:14","slug":"enem-digital-e-adiado-mas-datas-do-enem-impresso-sao-mantidas","status":"publish","type":"post","link":"https:\/\/diarioregionaldigital.com.br\/?p=158907","title":{"rendered":"Enem digital \u00e9 adiado, mas datas do Enem impresso s\u00e3o mantidas"},"content":{"rendered":"<p>O Instituto Nacional de Estudos e Pesquisas Educacionais An\u00edsio Teixeira (Inep) alterou as datas de aplica\u00e7\u00e3o da vers\u00e3o digital do Exame Nacional do Ensino M\u00e9dio (Enem) para os dias 22 e 29 de novembro \u2014 a mudan\u00e7a foi confirmada oficialmente na quarta-feira (22). Mas a aplica\u00e7\u00e3o do Enem impresso continua marcada para os dias 1\u00ba e 8 de novembro, apesar das manifesta\u00e7\u00f5es de preocupa\u00e7\u00e3o de senadores como Daniella Ribeiro (PP-PB), Izalci Lucas (PSDB-DF) e Randolfe Rodrigues (Rede-AP). Ao apontarem os efeitos negativos da interrup\u00e7\u00e3o das aulas, eles defenderam o adiamento dessas provas.<\/p>\n<p>A altera\u00e7\u00e3o feita pelo Inep no Enem digital acontece depois da decis\u00e3o tomada pela ju\u00edza Marisa Claudia Gon\u00e7alves Cucio, da 12\u00aa Vara C\u00edvel Federal de S\u00e3o Paulo. Ela acolheu os argumentos da Defensoria P\u00fablica da Uni\u00e3o (DPU), em a\u00e7\u00e3o civil p\u00fablica, e determinou que a Uni\u00e3o e o Inep procedessem \u00e0 adequa\u00e7\u00e3o do calend\u00e1rio e do cronograma do Enem \u00e0 realidade do atual ano letivo. Tamb\u00e9m determinou que fosse estendido por mais 15 dias o prazo para solicita\u00e7\u00e3o da isen\u00e7\u00e3o da taxa de inscri\u00e7\u00e3o e para apresenta\u00e7\u00e3o da justificativa de aus\u00eancia no exame de 2019.<\/p>\n<p>Alguns senadores ressaltaram nos \u00faltimos dias que a suspens\u00e3o das aulas pode prejudicar diversos alunos na sua prepara\u00e7\u00e3o para as provas do Enem.<\/p>\n<p>Daniella Ribeiro frisou que os estudantes que n\u00e3o t\u00eam acesso \u00e0 internet ser\u00e3o profundamente prejudicados. Ela fez uma analogia com os senadores, que est\u00e3o se reunindo virtualmente.<\/p>\n<p>\u201cOlhem a dificuldade que muitas vezes n\u00f3s temos, inclusive, ao fazer determinadas vota\u00e7\u00f5es por via remota. No nosso pa\u00eds, cerca de 30% da popula\u00e7\u00e3o n\u00e3o tem acesso \u00e0 internet, enquanto 40% vivem na zona rural. Como \u00e9 que esses jovens, que j\u00e1 est\u00e3o prejudicados porque n\u00e3o est\u00e3o tendo aulas, v\u00e3o poder fazer o Enem?\u201d questionou.<\/p>\n<p>A senadora apresentou em 1\u00ba de abril um projeto de lei, o PL 1.277\/2020, que prev\u00ea prorroga\u00e7\u00e3o autom\u00e1tica de provas, exames e demais atividades destinados \u00e0 sele\u00e7\u00e3o de acesso ao ensino superior em caso de calamidade, quando esta for reconhecida pelo Congresso Nacional e comprometer o funcionamento regular das institui\u00e7\u00f5es de ensino.<\/p>\n<p>No dia 6 de abril, Izalci Lucas apresentou um projeto de decreto legislativo, o PDL 137\/2020, que suspende tanto a aplica\u00e7\u00e3o do Enem impresso como a do Enem digital. Al\u00e9m disso, a proposta determina que as novas datas das provas somente poder\u00e3o ser remarcadas ap\u00f3s a retomada das atividades regulares do sistema de ensino.<\/p>\n<p>Randolfe Rodrigues tamb\u00e9m defendeu o adiamento durante a sess\u00e3o remota do Senado desta quarta-feira (22). Ele citou o caso da cidade de Manaus, que enfrenta grave crise devido \u00e0 pandemia de covid-19.<\/p>\n<p>\u201c\u00c9 fundamental aprovarmos um projeto adiando o Enem, como outros l\u00edderes aqui tamb\u00e9m t\u00eam cobrado. \u00c9 necess\u00e1rio agirmos, porque o que est\u00e1 acontecendo em Manaus tamb\u00e9m pode vir a acontecer em todo o pa\u00eds. \u00c9 necess\u00e1rio defender vidas e proteger os mais pobres\u201d declarou.<\/p>\n<p><strong>Taxa de inscri\u00e7\u00e3o e isen\u00e7\u00e3o<\/strong><\/p>\n<p>Os editais que confirmam as novas datas do Enem digital est\u00e3o dispon\u00edveis na p\u00e1gina do Inep: https:\/\/enem.inep.gov.br\/antes#leia-o-edital. As inscri\u00e7\u00f5es poder\u00e3o ser feitas entre 11 e 22 de maio. O valor da taxa de inscri\u00e7\u00e3o, de R$ 85, dever\u00e1 ser pago at\u00e9 28 de maio.<\/p>\n<p>Na semana passada, o Inep anunciou a gratuidade da taxa de inscri\u00e7\u00e3o para os participantes que se enquadrarem nos perfis especificados nos editais, mesmo que n\u00e3o haja a solicita\u00e7\u00e3o formal dos inscritos.<\/p>\n<p>Segundo o site da Inep, est\u00e1 isento quem:<\/p>\n<ul>\n<li>est\u00e1 cursando a \u00faltima s\u00e9rie do ensino m\u00e9dio, em 2020, em escola da rede p\u00fablica declarada ao Censo Escolar;<\/li>\n<li>cursou todo o ensino m\u00e9dio em escola da rede p\u00fablica ou como bolsista integral na rede privada; al\u00e9m de ter renda, por pessoa, igual ou menor que um sal\u00e1rio m\u00ednimo e meio;<\/li>\n<li>est\u00e1 em situa\u00e7\u00e3o de vulnerabilidade socioecon\u00f4mica por ser membro de fam\u00edlia de baixa renda e que possua N\u00famero de Identifica\u00e7\u00e3o Social (NIS) \u00fanico e v\u00e1lido; al\u00e9m de ter renda familiar, por pessoa, de at\u00e9 meio sal\u00e1rio m\u00ednimo ou renda familiar mensal de at\u00e9 tr\u00eas sal\u00e1rios m\u00ednimos.<\/li>\n<\/ul>\n<p>&nbsp;<\/p>\n<p><strong>Fonte:\u00a0<\/strong>Ag\u00eancia Senado<\/p>\n","protected":false},"excerpt":{"rendered":"<p>O Instituto Nacional de Estudos e Pesquisas Educacionais An\u00edsio Teixeira (Inep) alterou as datas de aplica\u00e7\u00e3o da vers\u00e3o digital do Exame Nacional do Ensino M\u00e9dio (Enem) para os dias 22 e 29 de novembro \u2014 a mudan\u00e7a foi confirmada oficialmente na quarta-feira (22). Mas a aplica\u00e7\u00e3o do Enem impresso continua marcada para os dias 1\u00ba [&hellip;]<\/p>\n","protected":false},"author":96,"featured_media":158908,"comment_status":"closed","ping_status":"closed","sticky":false,"template":"","format":"standard","meta":{"footnotes":""},"categories":[436,254,439],"tags":[],"class_list":["post-158907","post","type-post","status-publish","format-standard","has-post-thumbnail","hentry","category-destaque-da-semana","category-politica","category-ultima-hora"],"_links":{"self":[{"href":"https:\/\/diarioregionaldigital.com.br\/index.php?rest_route=\/wp\/v2\/posts\/158907","targetHints":{"allow":["GET"]}}],"collection":[{"href":"https:\/\/diarioregionaldigital.com.br\/index.php?rest_route=\/wp\/v2\/posts"}],"about":[{"href":"https:\/\/diarioregionaldigital.com.br\/index.php?rest_route=\/wp\/v2\/types\/post"}],"author":[{"embeddable":true,"href":"https:\/\/diarioregionaldigital.com.br\/index.php?rest_route=\/wp\/v2\/users\/96"}],"replies":[{"embeddable":true,"href":"https:\/\/diarioregionaldigital.com.br\/index.php?rest_route=%2Fwp%2Fv2%2Fcomments&post=158907"}],"version-history":[{"count":0,"href":"https:\/\/diarioregionaldigital.com.br\/index.php?rest_route=\/wp\/v2\/posts\/158907\/revisions"}],"wp:featuredmedia":[{"embeddable":true,"href":"https:\/\/diarioregionaldigital.com.br\/index.php?rest_route=\/wp\/v2\/media\/158908"}],"wp:attachment":[{"href":"https:\/\/diarioregionaldigital.com.br\/index.php?rest_route=%2Fwp%2Fv2%2Fmedia&parent=158907"}],"wp:term":[{"taxonomy":"category","embeddable":true,"href":"https:\/\/diarioregionaldigital.com.br\/index.php?rest_route=%2Fwp%2Fv2%2Fcategories&post=158907"},{"taxonomy":"post_tag","embeddable":true,"href":"https:\/\/diarioregionaldigital.com.br\/index.php?rest_route=%2Fwp%2Fv2%2Ftags&post=158907"}],"curies":[{"name":"wp","href":"https:\/\/api.w.org\/{rel}","templated":true}]}}