{"id":158904,"date":"2020-04-23T19:10:22","date_gmt":"2020-04-23T22:10:22","guid":{"rendered":"https:\/\/diarioregionaldigital.com.br\/?p=158904"},"modified":"2020-04-23T19:10:22","modified_gmt":"2020-04-23T22:10:22","slug":"bolsonaro-veta-dispensa-de-atestado-medico-durante-quarentena-para-trabalhador-doente","status":"publish","type":"post","link":"https:\/\/diarioregionaldigital.com.br\/?p=158904","title":{"rendered":"Bolsonaro veta dispensa de atestado m\u00e9dico durante quarentena para trabalhador doente"},"content":{"rendered":"<p>O presidente Jair Bolsonaro vetou integralmente o projeto da C\u00e2mara dos Deputados que libera o trabalhador infectado por coronav\u00edrus, durante per\u00edodos de quarentena, de apresentar atestado m\u00e9dico para justificar a falta ao trabalho durante os primeiros sete dias.<\/p>\n<p>O projeto (PL 702\/20) \u00e9 de autoria do deputado Alexandre Padilha (PT-SP) e outros e foi aprovado pelo Plen\u00e1rio da C\u00e2mara em mar\u00e7o. O veto foi publicado na edi\u00e7\u00e3o dessa quinta-feira (23) do Di\u00e1rio Oficial da Uni\u00e3o.<\/p>\n<p>Na justificativa ao veto, Bolsonaro alegou que a proposta tem reda\u00e7\u00e3o imprecisa, pois trata como quarentena (restri\u00e7\u00e3o de atividades de pessoa suspeita de contamina\u00e7\u00e3o) o que juridicamente \u00e9 isolamento (separa\u00e7\u00e3o de pessoa doente ou contaminada).<\/p>\n<p>Os conceitos de quarentena e isolamento est\u00e3o presentes na lei que prev\u00ea as medidas para enfrentamento do novo coronav\u00edrus (Lei 13.979\/20) e na portaria do Minist\u00e9rio da Sa\u00fade que regulamentou a lei.<\/p>\n<p>\u201cO projeto legislativo carece de precis\u00e3o e clareza em seus termos, n\u00e3o ensejando a perfeita compreens\u00e3o do conte\u00fado e alcance que o legislador pretende dar \u00e0 norma\u201d, disse Bolsonaro na justificativa ao veto. Ele afirmou ainda que seguiu orienta\u00e7\u00e3o do Minist\u00e9rio da Sa\u00fade.<\/p>\n<p>O veto presidencial ser\u00e1 analisado agora em sess\u00e3o do Congresso Nacional, ainda a ser marcada.<\/p>\n<p>&nbsp;<\/p>\n<p><strong>Fonte:<\/strong>\u00a0Ag\u00eancia C\u00e2mara<\/p>\n","protected":false},"excerpt":{"rendered":"<p>O presidente Jair Bolsonaro vetou integralmente o projeto da C\u00e2mara dos Deputados que libera o trabalhador infectado por coronav\u00edrus, durante per\u00edodos de quarentena, de apresentar atestado m\u00e9dico para justificar a falta ao trabalho durante os primeiros sete dias. O projeto (PL 702\/20) \u00e9 de autoria do deputado Alexandre Padilha (PT-SP) e outros e foi aprovado [&hellip;]<\/p>\n","protected":false},"author":96,"featured_media":158905,"comment_status":"closed","ping_status":"closed","sticky":false,"template":"","format":"standard","meta":{"footnotes":""},"categories":[436,254,439],"tags":[],"class_list":["post-158904","post","type-post","status-publish","format-standard","has-post-thumbnail","hentry","category-destaque-da-semana","category-politica","category-ultima-hora"],"_links":{"self":[{"href":"https:\/\/diarioregionaldigital.com.br\/index.php?rest_route=\/wp\/v2\/posts\/158904","targetHints":{"allow":["GET"]}}],"collection":[{"href":"https:\/\/diarioregionaldigital.com.br\/index.php?rest_route=\/wp\/v2\/posts"}],"about":[{"href":"https:\/\/diarioregionaldigital.com.br\/index.php?rest_route=\/wp\/v2\/types\/post"}],"author":[{"embeddable":true,"href":"https:\/\/diarioregionaldigital.com.br\/index.php?rest_route=\/wp\/v2\/users\/96"}],"replies":[{"embeddable":true,"href":"https:\/\/diarioregionaldigital.com.br\/index.php?rest_route=%2Fwp%2Fv2%2Fcomments&post=158904"}],"version-history":[{"count":0,"href":"https:\/\/diarioregionaldigital.com.br\/index.php?rest_route=\/wp\/v2\/posts\/158904\/revisions"}],"wp:featuredmedia":[{"embeddable":true,"href":"https:\/\/diarioregionaldigital.com.br\/index.php?rest_route=\/wp\/v2\/media\/158905"}],"wp:attachment":[{"href":"https:\/\/diarioregionaldigital.com.br\/index.php?rest_route=%2Fwp%2Fv2%2Fmedia&parent=158904"}],"wp:term":[{"taxonomy":"category","embeddable":true,"href":"https:\/\/diarioregionaldigital.com.br\/index.php?rest_route=%2Fwp%2Fv2%2Fcategories&post=158904"},{"taxonomy":"post_tag","embeddable":true,"href":"https:\/\/diarioregionaldigital.com.br\/index.php?rest_route=%2Fwp%2Fv2%2Ftags&post=158904"}],"curies":[{"name":"wp","href":"https:\/\/api.w.org\/{rel}","templated":true}]}}