{"id":158901,"date":"2020-04-23T19:07:24","date_gmt":"2020-04-23T22:07:24","guid":{"rendered":"https:\/\/diarioregionaldigital.com.br\/?p=158901"},"modified":"2020-04-23T19:07:24","modified_gmt":"2020-04-23T22:07:24","slug":"secretario-de-fazenda-fala-sobre-impactos-financeiros-da-covid-19-no-assembleia-fiscaliza","status":"publish","type":"post","link":"https:\/\/diarioregionaldigital.com.br\/?p=158901","title":{"rendered":"Secret\u00e1rio de Fazenda fala sobre impactos financeiros da Covid-19 no Assembleia Fiscaliza"},"content":{"rendered":"<p>O secret\u00e1rio de Estado de Fazenda, Gustavo Barbosa, compareceu \u00e0 Assembleia Legislativa de Minas Gerais (ALMG) na quarta-feira (22) para prestar informa\u00e7\u00f5es aos deputados sobre os impactos financeiros da pandemia do coronav\u00edrus nas contas p\u00fablicas estaduais. Ele respondeu aos questionamentos dos parlamentares, que participaram por meio de videoconfer\u00eancia.<\/p>\n<p>Gustavo Barbosa afirmou que as proje\u00e7\u00f5es, baseadas no comportamento econ\u00f4mico-financeiro at\u00e9 o momento, apontam queda da receita do Estado na ordem de R$ 1,150 bilh\u00e3o em abril e de R$ 2,2 bilh\u00f5es, em maio. No entanto, ele enfatizou que o Governo de Minas tem se empenhado em buscar alternativas para amenizar os efeitos da redu\u00e7\u00e3o da arrecada\u00e7\u00e3o.<\/p>\n<p>O secret\u00e1rio garantiu que n\u00e3o faltar\u00e3o recursos para o combate \u00e0 pandemia de Covid-19. &#8220;A \u00fanica \u00e1rea que n\u00e3o sofreu contingenciamento foi a de Sa\u00fade. A despesa nesse campo aumentou em R$ 500 milh\u00f5es desde o in\u00edcio da pandemia&#8221;, disse.<\/p>\n<p>Outra preocupa\u00e7\u00e3o do Estado \u00e9 com a preserva\u00e7\u00e3o da economia e, posteriormente \u00e0 crise, com a sua recupera\u00e7\u00e3o. Gustavo Barbosa detalhou as a\u00e7\u00f5es adotadas em benef\u00edcio dos contribuintes, como a prorroga\u00e7\u00e3o dos prazos de cumprimento de obriga\u00e7\u00f5es acess\u00f3rias e da Taxa de Inc\u00eandio, suspens\u00e3o de a\u00e7\u00f5es fiscalizat\u00f3rias e dos processos administrativos tribut\u00e1rios. Ao todo, s\u00e3o quase 30 medidas j\u00e1 adotadas que t\u00eam como objetivo minimizar o preju\u00edzo dos empres\u00e1rios mineiros diante da queda da atividade econ\u00f4mica.<\/p>\n<p><strong>Busca por receitas<\/strong><\/p>\n<p>Dentre as a\u00e7\u00f5es do governo mineiro para compensar a queda da arrecada\u00e7\u00e3o, o secret\u00e1rio de Fazenda lembrou que, recentemente, o governador Romeu Zema se reuniu em Bras\u00edlia com o presidente da Rep\u00fablica, Jair Bolsonaro, e o ministro da Economia, Paulo Guedes, a fim de apresentar os pleitos do Estado.<\/p>\n<p>O governo mineiro tamb\u00e9m articula junto a deputados e senadores a aprova\u00e7\u00e3o do Projeto de Lei Complementar (PLP) 149, que prev\u00ea a recomposi\u00e7\u00e3o das perdas dos estados com o ICMS, o principal tributo das unidades da federa\u00e7\u00e3o. Al\u00e9m disso, h\u00e1 negocia\u00e7\u00f5es com os bancos p\u00fablicos federais para viabilizar a negocia\u00e7\u00e3o dos receb\u00edveis do ni\u00f3bio, que podem render a Minas algo entre R$ 5 bilh\u00f5es e R$ 6 bilh\u00f5es.<\/p>\n<p>&nbsp;<\/p>\n<p><strong>Fonte:\u00a0<\/strong>Ag\u00eancia Minas<\/p>\n","protected":false},"excerpt":{"rendered":"<p>O secret\u00e1rio de Estado de Fazenda, Gustavo Barbosa, compareceu \u00e0 Assembleia Legislativa de Minas Gerais (ALMG) na quarta-feira (22) para prestar informa\u00e7\u00f5es aos deputados sobre os impactos financeiros da pandemia do coronav\u00edrus nas contas p\u00fablicas estaduais. Ele respondeu aos questionamentos dos parlamentares, que participaram por meio de videoconfer\u00eancia. Gustavo Barbosa afirmou que as proje\u00e7\u00f5es, baseadas [&hellip;]<\/p>\n","protected":false},"author":96,"featured_media":158902,"comment_status":"closed","ping_status":"closed","sticky":false,"template":"","format":"standard","meta":{"footnotes":""},"categories":[436,261,439],"tags":[],"class_list":["post-158901","post","type-post","status-publish","format-standard","has-post-thumbnail","hentry","category-destaque-da-semana","category-economia","category-ultima-hora"],"_links":{"self":[{"href":"https:\/\/diarioregionaldigital.com.br\/index.php?rest_route=\/wp\/v2\/posts\/158901","targetHints":{"allow":["GET"]}}],"collection":[{"href":"https:\/\/diarioregionaldigital.com.br\/index.php?rest_route=\/wp\/v2\/posts"}],"about":[{"href":"https:\/\/diarioregionaldigital.com.br\/index.php?rest_route=\/wp\/v2\/types\/post"}],"author":[{"embeddable":true,"href":"https:\/\/diarioregionaldigital.com.br\/index.php?rest_route=\/wp\/v2\/users\/96"}],"replies":[{"embeddable":true,"href":"https:\/\/diarioregionaldigital.com.br\/index.php?rest_route=%2Fwp%2Fv2%2Fcomments&post=158901"}],"version-history":[{"count":0,"href":"https:\/\/diarioregionaldigital.com.br\/index.php?rest_route=\/wp\/v2\/posts\/158901\/revisions"}],"wp:featuredmedia":[{"embeddable":true,"href":"https:\/\/diarioregionaldigital.com.br\/index.php?rest_route=\/wp\/v2\/media\/158902"}],"wp:attachment":[{"href":"https:\/\/diarioregionaldigital.com.br\/index.php?rest_route=%2Fwp%2Fv2%2Fmedia&parent=158901"}],"wp:term":[{"taxonomy":"category","embeddable":true,"href":"https:\/\/diarioregionaldigital.com.br\/index.php?rest_route=%2Fwp%2Fv2%2Fcategories&post=158901"},{"taxonomy":"post_tag","embeddable":true,"href":"https:\/\/diarioregionaldigital.com.br\/index.php?rest_route=%2Fwp%2Fv2%2Ftags&post=158901"}],"curies":[{"name":"wp","href":"https:\/\/api.w.org\/{rel}","templated":true}]}}