{"id":158898,"date":"2020-04-23T19:05:21","date_gmt":"2020-04-23T22:05:21","guid":{"rendered":"https:\/\/diarioregionaldigital.com.br\/?p=158898"},"modified":"2020-04-23T19:05:21","modified_gmt":"2020-04-23T22:05:21","slug":"ministerio-cancela-antecipacao-de-2a-parcela-de-auxilio-emergencial","status":"publish","type":"post","link":"https:\/\/diarioregionaldigital.com.br\/?p=158898","title":{"rendered":"Minist\u00e9rio cancela antecipa\u00e7\u00e3o de 2\u00aa parcela de aux\u00edlio emergencial"},"content":{"rendered":"<p>O Minist\u00e9rio da Cidadania informou, em nota divulgada na noite dessa quarta-feira (22), que o governo est\u00e1 impedido legalmente de fazer a antecipa\u00e7\u00e3o da segunda parcela do aux\u00edlio emergencial de R$ 600. Na segunda-feira (22), o presidente da Caixa Econ\u00f4mica Federal, Pedro Guimar\u00e3es, anunciou que os trabalhadores informais e pessoas inscritas no Cadastro \u00danico de Programas Sociais do governo federal (Cad\u00danico) nascidas em janeiro e fevereiro receberiam a segunda parcela na quinta-feira (23).<\/p>\n<p>Segundo a nota, o minist\u00e9rio recebeu uma recomenda\u00e7\u00e3o da Controladoria Geral da Uni\u00e3o (CGU) e cancelou a antecipa\u00e7\u00e3o da segunda parcela.<\/p>\n<p>O Minist\u00e9rio da Cidadania explicou que, devido ao alto n\u00famero de informais cadastrados, o recurso dispon\u00edvel para cada uma das tr\u00eas parcelas \u00e9 de R$ 32,7 bilh\u00f5es, j\u00e1 foram transferidos R$ 31,3 bilh\u00f5es, e ainda ser\u00e3o avaliados cerca de 12 milh\u00f5es de cadastros para a primeira parcela. Em fun\u00e7\u00e3o disso, o minist\u00e9rio produziu nesta quarta-feira uma nota t\u00e9cnica e solicitou ao Minist\u00e9rio da Economia a previs\u00e3o para uma suplementa\u00e7\u00e3o or\u00e7amentaria o mais r\u00e1pido poss\u00edvel.<\/p>\n<p>Segundo a nota, em fun\u00e7\u00e3o disso, por fatores legais e or\u00e7ament\u00e1rios e pelo alto n\u00famero de requerentes que ainda est\u00e3o em an\u00e1lise, o minist\u00e9rio est\u00e1 impedido legalmente de fazer a antecipa\u00e7\u00e3o da segunda parcela do aux\u00edlio.<\/p>\n<p>&nbsp;<\/p>\n<p><strong>Fonte:\u00a0<\/strong>Ag\u00eancia Brasil<\/p>\n","protected":false},"excerpt":{"rendered":"<p>O Minist\u00e9rio da Cidadania informou, em nota divulgada na noite dessa quarta-feira (22), que o governo est\u00e1 impedido legalmente de fazer a antecipa\u00e7\u00e3o da segunda parcela do aux\u00edlio emergencial de R$ 600. Na segunda-feira (22), o presidente da Caixa Econ\u00f4mica Federal, Pedro Guimar\u00e3es, anunciou que os trabalhadores informais e pessoas inscritas no Cadastro \u00danico de [&hellip;]<\/p>\n","protected":false},"author":96,"featured_media":158899,"comment_status":"closed","ping_status":"closed","sticky":false,"template":"","format":"standard","meta":{"footnotes":""},"categories":[436,261,439],"tags":[],"class_list":["post-158898","post","type-post","status-publish","format-standard","has-post-thumbnail","hentry","category-destaque-da-semana","category-economia","category-ultima-hora"],"_links":{"self":[{"href":"https:\/\/diarioregionaldigital.com.br\/index.php?rest_route=\/wp\/v2\/posts\/158898","targetHints":{"allow":["GET"]}}],"collection":[{"href":"https:\/\/diarioregionaldigital.com.br\/index.php?rest_route=\/wp\/v2\/posts"}],"about":[{"href":"https:\/\/diarioregionaldigital.com.br\/index.php?rest_route=\/wp\/v2\/types\/post"}],"author":[{"embeddable":true,"href":"https:\/\/diarioregionaldigital.com.br\/index.php?rest_route=\/wp\/v2\/users\/96"}],"replies":[{"embeddable":true,"href":"https:\/\/diarioregionaldigital.com.br\/index.php?rest_route=%2Fwp%2Fv2%2Fcomments&post=158898"}],"version-history":[{"count":0,"href":"https:\/\/diarioregionaldigital.com.br\/index.php?rest_route=\/wp\/v2\/posts\/158898\/revisions"}],"wp:featuredmedia":[{"embeddable":true,"href":"https:\/\/diarioregionaldigital.com.br\/index.php?rest_route=\/wp\/v2\/media\/158899"}],"wp:attachment":[{"href":"https:\/\/diarioregionaldigital.com.br\/index.php?rest_route=%2Fwp%2Fv2%2Fmedia&parent=158898"}],"wp:term":[{"taxonomy":"category","embeddable":true,"href":"https:\/\/diarioregionaldigital.com.br\/index.php?rest_route=%2Fwp%2Fv2%2Fcategories&post=158898"},{"taxonomy":"post_tag","embeddable":true,"href":"https:\/\/diarioregionaldigital.com.br\/index.php?rest_route=%2Fwp%2Fv2%2Ftags&post=158898"}],"curies":[{"name":"wp","href":"https:\/\/api.w.org\/{rel}","templated":true}]}}