{"id":158877,"date":"2020-04-23T17:57:24","date_gmt":"2020-04-23T20:57:24","guid":{"rendered":"https:\/\/diarioregionaldigital.com.br\/?p=158877"},"modified":"2020-04-23T17:57:24","modified_gmt":"2020-04-23T20:57:24","slug":"brasil-tem-mais-de-400-mortes-por-covid-19-em-24-horas","status":"publish","type":"post","link":"https:\/\/diarioregionaldigital.com.br\/?p=158877","title":{"rendered":"Brasil tem mais de 400 mortes por covid-19 em 24 horas"},"content":{"rendered":"<p>O Brasil teve 407 novas mortes nas \u00faltimas 24 horas em raz\u00e3o da pandemia do novo coronav\u00edrus (covid-19), o maior n\u00famero neste per\u00edodo desde o in\u00edcio da contagem. No total, o pa\u00eds soma 3.313 \u00f3bitos,\u00a049.492 mil casos confirmados da doen\u00e7a e 26.573 pacientes recuperados. Ainda de acordo com os dados divulgados hoje (23) pelo Minist\u00e9rio da Sa\u00fade, 19.606 casos est\u00e3o em acompanhamento.<\/p>\n<p>As novas mortes marcaram um aumento de 14% em rela\u00e7\u00e3o a ontem quando foram registrados 2.906 falecimentos. O percentual de acr\u00e9scimo foi mais do que o dobro do divulgado ontem em rela\u00e7\u00e3o a ter\u00e7a-feira, de 6%.<\/p>\n<p>J\u00e1 a quantidade de pessoas infectadas teve uma eleva\u00e7\u00e3o de 8,2% em rela\u00e7\u00e3o a ontem, quando foram contabilizados 45.757 pacientes nessa condi\u00e7\u00e3o.<\/p>\n<p>S\u00e3o Paulo se mant\u00e9m como epicentro da pandemia no pa\u00eds, concentrando o maior n\u00famero de falecimentos (1.345). O estado \u00e9 seguido pelo Rio de Janeiro (530), Pernambuco (312), Cear\u00e1 (266) e Amazonas (234).<\/p>\n<p><img decoding=\"async\" src=\"https:\/\/imagens.ebc.com.br\/HSA5J3gICsVFVH1g4qADgV8g4ns=\/754x0\/smart\/https:\/\/agenciabrasil.ebc.com.br\/sites\/default\/files\/thumbnails\/image\/whatsapp_image_2020-04-23_at_17.12.36.jpeg?itok=ul4PxJv8\" alt=\"atualiza\u00e7\u00e3o\" \/><\/p>\n<p>&nbsp;<\/p>\n<p><strong>Fonte:\u00a0<\/strong>Ag\u00eancia Brasil<\/p>\n","protected":false},"excerpt":{"rendered":"<p>O Brasil teve 407 novas mortes nas \u00faltimas 24 horas em raz\u00e3o da pandemia do novo coronav\u00edrus (covid-19), o maior n\u00famero neste per\u00edodo desde o in\u00edcio da contagem. No total, o pa\u00eds soma 3.313 \u00f3bitos,\u00a049.492 mil casos confirmados da doen\u00e7a e 26.573 pacientes recuperados. Ainda de acordo com os dados divulgados hoje (23) pelo Minist\u00e9rio [&hellip;]<\/p>\n","protected":false},"author":96,"featured_media":158359,"comment_status":"closed","ping_status":"closed","sticky":false,"template":"","format":"standard","meta":{"footnotes":""},"categories":[302,436,440,439],"tags":[],"class_list":["post-158877","post","type-post","status-publish","format-standard","has-post-thumbnail","hentry","category-brasil-mundo","category-destaque-da-semana","category-destaques-do-dia","category-ultima-hora"],"_links":{"self":[{"href":"https:\/\/diarioregionaldigital.com.br\/index.php?rest_route=\/wp\/v2\/posts\/158877","targetHints":{"allow":["GET"]}}],"collection":[{"href":"https:\/\/diarioregionaldigital.com.br\/index.php?rest_route=\/wp\/v2\/posts"}],"about":[{"href":"https:\/\/diarioregionaldigital.com.br\/index.php?rest_route=\/wp\/v2\/types\/post"}],"author":[{"embeddable":true,"href":"https:\/\/diarioregionaldigital.com.br\/index.php?rest_route=\/wp\/v2\/users\/96"}],"replies":[{"embeddable":true,"href":"https:\/\/diarioregionaldigital.com.br\/index.php?rest_route=%2Fwp%2Fv2%2Fcomments&post=158877"}],"version-history":[{"count":0,"href":"https:\/\/diarioregionaldigital.com.br\/index.php?rest_route=\/wp\/v2\/posts\/158877\/revisions"}],"wp:featuredmedia":[{"embeddable":true,"href":"https:\/\/diarioregionaldigital.com.br\/index.php?rest_route=\/wp\/v2\/media\/158359"}],"wp:attachment":[{"href":"https:\/\/diarioregionaldigital.com.br\/index.php?rest_route=%2Fwp%2Fv2%2Fmedia&parent=158877"}],"wp:term":[{"taxonomy":"category","embeddable":true,"href":"https:\/\/diarioregionaldigital.com.br\/index.php?rest_route=%2Fwp%2Fv2%2Fcategories&post=158877"},{"taxonomy":"post_tag","embeddable":true,"href":"https:\/\/diarioregionaldigital.com.br\/index.php?rest_route=%2Fwp%2Fv2%2Ftags&post=158877"}],"curies":[{"name":"wp","href":"https:\/\/api.w.org\/{rel}","templated":true}]}}