{"id":158872,"date":"2020-04-23T13:47:54","date_gmt":"2020-04-23T16:47:54","guid":{"rendered":"https:\/\/diarioregionaldigital.com.br\/?p=158872"},"modified":"2020-04-23T13:47:54","modified_gmt":"2020-04-23T16:47:54","slug":"covid-19-confinamento-no-reino-unido-deve-durar-ate-o-fim-do-ano","status":"publish","type":"post","link":"https:\/\/diarioregionaldigital.com.br\/?p=158872","title":{"rendered":"Covid-19: confinamento no Reino Unido deve durar at\u00e9 o fim do ano"},"content":{"rendered":"<p>O Reino Unido deve conviver com as medidas de confinamento pelo menos at\u00e9 o fim do ano. O respons\u00e1vel pelo Departamento de Sa\u00fade e Assist\u00eancia Social, Chris Whitty, considera &#8220;totalmente irrealista&#8221; que o isolamento social seja suspenso em pouco tempo.<\/p>\n<p>Para ele, a sa\u00edda ideal seria com \u201cuma vacina altamente eficaz\u201d, ou medicamentos, para tratar a covid-19.<\/p>\n<p>No entanto, salienta que a possibilidade de existir uma vacina at\u00e9 ao fim do ano \u00e9 \u201cmuito reduzida\u201d e o caminho a percorrer entre a exist\u00eancia de uma vacina e a imunidade generalizada \u201cvai ser muito longo\u201d.<\/p>\n<p>O Reino Unido registra 18.100 mortos e 133.468 infectados v\u00edtimas do coronav\u00edrus. \u201cEsta doen\u00e7a n\u00e3o ser\u00e1 erradicada, n\u00e3o vai desaparecer. E temos de aceitar lidar com ela no futuro pr\u00f3ximo\u201d, alertou.<\/p>\n<p>Ainda segundo Whitty, \u201c\u00e9 improv\u00e1vel que uma vacina ou medicamentos se concretizem at\u00e9 o pr\u00f3ximo ano. At\u00e9 l\u00e1 ser\u00e1 necess\u00e1rio distanciamento social\u201d.<\/p>\n<p><strong>Medidas sociais<\/strong><\/p>\n<p>Chris Whitty frisa que levantar as restri\u00e7\u00f5es seria uma medida \u201ctotalmente irrealista\u201d nos dias atuais.<\/p>\n<p>\u201cTemos de confiar em medidas sociais, que obviamente s\u00e3o muito perturbadoras socialmente\u201d, salientou.<\/p>\n<p>As declara\u00e7\u00f5es coincidem com a opini\u00e3o de Dominic Raab,\u00a0 ministro dos Neg\u00f3cios Estrangeiros, que substitui o primeiro-ministro Boris Johnson.<\/p>\n<p>Raab considerou que facilitar as medidas de isolamento social muito cedo \u00e9 uma medida que pode levar a um segundo aumento dos casos do novo coronav\u00edrus no Reino Unido. \u201cO que prolongaria a situa\u00e7\u00e3o econ\u00f4mica no pa\u00eds\u201d, alertou.<\/p>\n<p>Ele reconhece que a \u201ctens\u00e3o mental, f\u00edsica e econ\u00f4mica devido ao confinamento afeta muitos cidad\u00e3os em todo o pa\u00eds\u201d. Mas apela para que \u201cpermane\u00e7am em isolamento\u201d.<\/p>\n<p>&nbsp;<\/p>\n<p><strong>Fonte:\u00a0<\/strong>Ag\u00eancia Brasil<\/p>\n","protected":false},"excerpt":{"rendered":"<p>O Reino Unido deve conviver com as medidas de confinamento pelo menos at\u00e9 o fim do ano. O respons\u00e1vel pelo Departamento de Sa\u00fade e Assist\u00eancia Social, Chris Whitty, considera &#8220;totalmente irrealista&#8221; que o isolamento social seja suspenso em pouco tempo. Para ele, a sa\u00edda ideal seria com \u201cuma vacina altamente eficaz\u201d, ou medicamentos, para tratar [&hellip;]<\/p>\n","protected":false},"author":96,"featured_media":158873,"comment_status":"closed","ping_status":"closed","sticky":false,"template":"","format":"standard","meta":{"footnotes":""},"categories":[302,436,439],"tags":[],"class_list":["post-158872","post","type-post","status-publish","format-standard","has-post-thumbnail","hentry","category-brasil-mundo","category-destaque-da-semana","category-ultima-hora"],"_links":{"self":[{"href":"https:\/\/diarioregionaldigital.com.br\/index.php?rest_route=\/wp\/v2\/posts\/158872","targetHints":{"allow":["GET"]}}],"collection":[{"href":"https:\/\/diarioregionaldigital.com.br\/index.php?rest_route=\/wp\/v2\/posts"}],"about":[{"href":"https:\/\/diarioregionaldigital.com.br\/index.php?rest_route=\/wp\/v2\/types\/post"}],"author":[{"embeddable":true,"href":"https:\/\/diarioregionaldigital.com.br\/index.php?rest_route=\/wp\/v2\/users\/96"}],"replies":[{"embeddable":true,"href":"https:\/\/diarioregionaldigital.com.br\/index.php?rest_route=%2Fwp%2Fv2%2Fcomments&post=158872"}],"version-history":[{"count":0,"href":"https:\/\/diarioregionaldigital.com.br\/index.php?rest_route=\/wp\/v2\/posts\/158872\/revisions"}],"wp:featuredmedia":[{"embeddable":true,"href":"https:\/\/diarioregionaldigital.com.br\/index.php?rest_route=\/wp\/v2\/media\/158873"}],"wp:attachment":[{"href":"https:\/\/diarioregionaldigital.com.br\/index.php?rest_route=%2Fwp%2Fv2%2Fmedia&parent=158872"}],"wp:term":[{"taxonomy":"category","embeddable":true,"href":"https:\/\/diarioregionaldigital.com.br\/index.php?rest_route=%2Fwp%2Fv2%2Fcategories&post=158872"},{"taxonomy":"post_tag","embeddable":true,"href":"https:\/\/diarioregionaldigital.com.br\/index.php?rest_route=%2Fwp%2Fv2%2Ftags&post=158872"}],"curies":[{"name":"wp","href":"https:\/\/api.w.org\/{rel}","templated":true}]}}