{"id":158869,"date":"2020-04-23T13:44:32","date_gmt":"2020-04-23T16:44:32","guid":{"rendered":"https:\/\/diarioregionaldigital.com.br\/?p=158869"},"modified":"2020-04-23T13:44:32","modified_gmt":"2020-04-23T16:44:32","slug":"isolamento-em-sp-volta-a-cair-e-acende-alerta-amarelo-diz-doria","status":"publish","type":"post","link":"https:\/\/diarioregionaldigital.com.br\/?p=158869","title":{"rendered":"Isolamento em SP volta a cair e acende alerta amarelo, diz Doria"},"content":{"rendered":"<p>O isolamento social no estado de S\u00e3o Paulo voltou a cair\u00a0<span id=\"OBJ_PREFIX_DWT2067_com_zimbra_date\" role=\"link\">ontem<\/span>\u00a0(23), ficando em 48%, bem abaixo do n\u00edvel considerado ideal pelo governo paulista, acima de 70%. Segundo o governador de S\u00e3o Paulo, Jo\u00e3o Doria, isso acende o n\u00edvel de alerta, j\u00e1 que menor isolamento implica maior dissemina\u00e7\u00e3o do coronav\u00edrus, podendo implicar tamb\u00e9m colapso no sistema de sa\u00fade do estado.<\/p>\n<p>\u201cIsso \u00e9 grave, acendendo o sinal amarelo. N\u00e3o podemos baixar de 50%\u201d, disse o governador, em entrevista sobre a pandemia, concedida diariamente no Pal\u00e1cio dos Bandeirantes, sede do governo paulista.<\/p>\n<p>Algumas cidades do estado atingiram n\u00edveis superiores a 60% de isolamento, como Ubatuba, Cruzeiro, Bebedouro e Lorena. Mas a m\u00e9dia do estado \u00e9 baixa. O sistema de monitoramento acompanha a situa\u00e7\u00e3o de mobilidade em 104 dos 645 munic\u00edpios do estado, com popula\u00e7\u00e3o acima de 70 mil habitantes. A central de intelig\u00eancia analisa os dados de telefonia m\u00f3vel para indicar tend\u00eancias de deslocamento e apontar a efic\u00e1cia das medidas de\u00a0<span id=\"DWT2700\"><span id=\"DWT2716\">isolamento<\/span><\/span>\u00a0social.<\/p>\n<p>Se a taxa de isolamento se mantiver baixa, bem abaixo do esperado pelo governo, Doria disse que pode rever a decis\u00e3o de relaxar as medidas de quarentena em todo o estado, previstas para terem in\u00edcio a partir do dia\u00a0<span id=\"OBJ_PREFIX_DWT2068_com_zimbra_date\" role=\"link\">11 de maio<\/span>. \u201c Para cidades que n\u00e3o tiverem respondendo adequadamente, teremos outro comportamento [de n\u00e3o relaxar as medidas]\u201d, disse Doria.<\/p>\n<p><strong>Uso de m\u00e1scaras<\/strong><\/p>\n<p>O governador informou\u00a0que ser\u00e1 publicado um decreto amanh\u00e3 (24), em Di\u00e1rio Oficial, recomendando o uso de m\u00e1scaras em todo o estado como forma de diminuir a dissemina\u00e7\u00e3o do v\u00edrus. A medida valer\u00e1 para todos os 645 munic\u00edpios paulistas. Segundo ele, a m\u00e1scara deve ser utilizada por todas as pessoas que precisarem sair de casa. \u201cIsto n\u00e3o tira a recomenda\u00e7\u00e3o de ficar em casa. Mas, se tiver que ir \u00e0 farm\u00e1cia ou ao supermercado, v\u00e1 de m\u00e1scara. E pode usar as m\u00e1scaras de pano\u201d, disse Doria.<\/p>\n<p>O governador anunciou\u00a0tamb\u00e9m que as doa\u00e7\u00f5es feitas por empres\u00e1rios ao governo, para o combate ao coronav\u00edrus, j\u00e1 somam R$ 500 milh\u00f5es. O valor, em dinheiro e recursos, ser\u00e3o destinados para a sa\u00fade, prote\u00e7\u00e3o social e seguran\u00e7a p\u00fablica em todo o estado.<\/p>\n<p><strong>Casos<\/strong><\/p>\n<p>S\u00e3o Paulo tem, at\u00e9 o\u00a0momento, 15.914 casos confirmados de coronav\u00edrus, com 1.134 \u00f3bitos, um aumento de cerca de 3%, segundo a Secretaria Estadual de Sa\u00fade. H\u00e1 ainda 1.323 pessoas internadas em unidades de terapia intensiva (UTIs) e 1.439 em enfermarias. \u201cSe n\u00e3o mantivermos o fique em casa e o isolamento em 50%, o aumento [do n\u00famero de casos e de \u00f3bitos] vai ser de dois d\u00edgitos e o sistema de sa\u00fade provavelmente n\u00e3o dar\u00e1 conta\u201d, disse o secret\u00e1rio de Sa\u00fade, Jos\u00e9 Henrique Germann.<\/p>\n<p>A taxa de ocupa\u00e7\u00e3o de leitos em todo o estado, de acordo com o secret\u00e1rio, est\u00e1 em torno de 51% em rela\u00e7\u00e3o \u00e0s UTIs, e de 37% em rela\u00e7\u00e3o \u00e0s enfermarias. Considerando somente a Grande S\u00e3o Paulo, a taxa de ocupa\u00e7\u00e3o de UTIs est\u00e1 em torno de 74% e de enfermarias em 57%.<\/p>\n<p>&nbsp;<\/p>\n<p><strong>Fonte:\u00a0<\/strong>Ag\u00eancia Brasil<\/p>\n","protected":false},"excerpt":{"rendered":"<p>O isolamento social no estado de S\u00e3o Paulo voltou a cair\u00a0ontem\u00a0(23), ficando em 48%, bem abaixo do n\u00edvel considerado ideal pelo governo paulista, acima de 70%. Segundo o governador de S\u00e3o Paulo, Jo\u00e3o Doria, isso acende o n\u00edvel de alerta, j\u00e1 que menor isolamento implica maior dissemina\u00e7\u00e3o do coronav\u00edrus, podendo implicar tamb\u00e9m colapso no sistema [&hellip;]<\/p>\n","protected":false},"author":96,"featured_media":158870,"comment_status":"closed","ping_status":"closed","sticky":false,"template":"","format":"standard","meta":{"footnotes":""},"categories":[302,436,439],"tags":[],"class_list":["post-158869","post","type-post","status-publish","format-standard","has-post-thumbnail","hentry","category-brasil-mundo","category-destaque-da-semana","category-ultima-hora"],"_links":{"self":[{"href":"https:\/\/diarioregionaldigital.com.br\/index.php?rest_route=\/wp\/v2\/posts\/158869","targetHints":{"allow":["GET"]}}],"collection":[{"href":"https:\/\/diarioregionaldigital.com.br\/index.php?rest_route=\/wp\/v2\/posts"}],"about":[{"href":"https:\/\/diarioregionaldigital.com.br\/index.php?rest_route=\/wp\/v2\/types\/post"}],"author":[{"embeddable":true,"href":"https:\/\/diarioregionaldigital.com.br\/index.php?rest_route=\/wp\/v2\/users\/96"}],"replies":[{"embeddable":true,"href":"https:\/\/diarioregionaldigital.com.br\/index.php?rest_route=%2Fwp%2Fv2%2Fcomments&post=158869"}],"version-history":[{"count":0,"href":"https:\/\/diarioregionaldigital.com.br\/index.php?rest_route=\/wp\/v2\/posts\/158869\/revisions"}],"wp:featuredmedia":[{"embeddable":true,"href":"https:\/\/diarioregionaldigital.com.br\/index.php?rest_route=\/wp\/v2\/media\/158870"}],"wp:attachment":[{"href":"https:\/\/diarioregionaldigital.com.br\/index.php?rest_route=%2Fwp%2Fv2%2Fmedia&parent=158869"}],"wp:term":[{"taxonomy":"category","embeddable":true,"href":"https:\/\/diarioregionaldigital.com.br\/index.php?rest_route=%2Fwp%2Fv2%2Fcategories&post=158869"},{"taxonomy":"post_tag","embeddable":true,"href":"https:\/\/diarioregionaldigital.com.br\/index.php?rest_route=%2Fwp%2Fv2%2Ftags&post=158869"}],"curies":[{"name":"wp","href":"https:\/\/api.w.org\/{rel}","templated":true}]}}