{"id":158866,"date":"2020-04-23T13:41:38","date_gmt":"2020-04-23T16:41:38","guid":{"rendered":"https:\/\/diarioregionaldigital.com.br\/?p=158866"},"modified":"2020-04-23T13:41:38","modified_gmt":"2020-04-23T16:41:38","slug":"recuperados-de-covid-19-no-rio-chegam-a-48-dos-pacientes","status":"publish","type":"post","link":"https:\/\/diarioregionaldigital.com.br\/?p=158866","title":{"rendered":"Recuperados de covid-19 no Rio chegam a 48% dos pacientes"},"content":{"rendered":"<p>O n\u00famero de pacientes recuperados da covid-19, doen\u00e7a provocada pelo novo coronav\u00edrus, chega a 48% dos 3.656 casos confirmados at\u00e9 o momento na cidade do Rio\u00a0de Janeiro. Segundo o \u00faltimo balan\u00e7o do Painel Rio Covid-19 da prefeitura, divulgado nessa\u00a0quarta-feira (22), 1.775 pessoas conseguiram se recuperar da doen\u00e7a. Na capital fluminense, 303 pessoas morreram em fun\u00e7\u00e3o da covid-19.<\/p>\n<p>Em toda a rede do Sistema \u00danico de Sa\u00fade (SUS) da capital, h\u00e1 1.133 pessoas hospitalizadas por causa da doen\u00e7a, sendo que 274 est\u00e3o em leitos de unidade de terapia intensiva (UTI).<\/p>\n<p>Os bairros que concentram o maior n\u00famero de infectados pelo novo coronav\u00edrus s\u00e3o Barra da Tijuca, Copacabana, Tijuca, Leblon, Botafogo, Campo Grande, Ipanema, Bangu, Flamengo e Jacarepagu\u00e1.<\/p>\n<p>No pa\u00eds, o n\u00famero de mortes em raz\u00e3o da pandemia do novo coronav\u00edrus chegou a 2.906, conforme\u00a0balan\u00e7o mais recente divulgado\u00a0ontem\u00a0(22) pelo Minist\u00e9rio da Sa\u00fade. J\u00e1 os casos confirmados subiram para 45.757. O \u00edndice de letalidade ficou em 6,4%. O ministro da Sa\u00fade, Nelson Teich, confirmou que 25,3 mil pessoas conseguiram\u00a0se recuperar da doen\u00e7a.<\/p>\n<p>&nbsp;<\/p>\n<p><strong>Fonte:\u00a0<\/strong>Ag\u00eancia Brasil<\/p>\n","protected":false},"excerpt":{"rendered":"<p>O n\u00famero de pacientes recuperados da covid-19, doen\u00e7a provocada pelo novo coronav\u00edrus, chega a 48% dos 3.656 casos confirmados at\u00e9 o momento na cidade do Rio\u00a0de Janeiro. Segundo o \u00faltimo balan\u00e7o do Painel Rio Covid-19 da prefeitura, divulgado nessa\u00a0quarta-feira (22), 1.775 pessoas conseguiram se recuperar da doen\u00e7a. Na capital fluminense, 303 pessoas morreram em fun\u00e7\u00e3o [&hellip;]<\/p>\n","protected":false},"author":96,"featured_media":158867,"comment_status":"closed","ping_status":"closed","sticky":false,"template":"","format":"standard","meta":{"footnotes":""},"categories":[302,436,439],"tags":[],"class_list":["post-158866","post","type-post","status-publish","format-standard","has-post-thumbnail","hentry","category-brasil-mundo","category-destaque-da-semana","category-ultima-hora"],"_links":{"self":[{"href":"https:\/\/diarioregionaldigital.com.br\/index.php?rest_route=\/wp\/v2\/posts\/158866","targetHints":{"allow":["GET"]}}],"collection":[{"href":"https:\/\/diarioregionaldigital.com.br\/index.php?rest_route=\/wp\/v2\/posts"}],"about":[{"href":"https:\/\/diarioregionaldigital.com.br\/index.php?rest_route=\/wp\/v2\/types\/post"}],"author":[{"embeddable":true,"href":"https:\/\/diarioregionaldigital.com.br\/index.php?rest_route=\/wp\/v2\/users\/96"}],"replies":[{"embeddable":true,"href":"https:\/\/diarioregionaldigital.com.br\/index.php?rest_route=%2Fwp%2Fv2%2Fcomments&post=158866"}],"version-history":[{"count":0,"href":"https:\/\/diarioregionaldigital.com.br\/index.php?rest_route=\/wp\/v2\/posts\/158866\/revisions"}],"wp:featuredmedia":[{"embeddable":true,"href":"https:\/\/diarioregionaldigital.com.br\/index.php?rest_route=\/wp\/v2\/media\/158867"}],"wp:attachment":[{"href":"https:\/\/diarioregionaldigital.com.br\/index.php?rest_route=%2Fwp%2Fv2%2Fmedia&parent=158866"}],"wp:term":[{"taxonomy":"category","embeddable":true,"href":"https:\/\/diarioregionaldigital.com.br\/index.php?rest_route=%2Fwp%2Fv2%2Fcategories&post=158866"},{"taxonomy":"post_tag","embeddable":true,"href":"https:\/\/diarioregionaldigital.com.br\/index.php?rest_route=%2Fwp%2Fv2%2Ftags&post=158866"}],"curies":[{"name":"wp","href":"https:\/\/api.w.org\/{rel}","templated":true}]}}