{"id":158853,"date":"2020-04-23T06:00:48","date_gmt":"2020-04-23T09:00:48","guid":{"rendered":"https:\/\/diarioregionaldigital.com.br\/?p=158853"},"modified":"2020-04-22T23:59:11","modified_gmt":"2020-04-23T02:59:11","slug":"prefeitura-municipal-de-tocantins-licitacao-no030-23-04-2020","status":"publish","type":"post","link":"https:\/\/diarioregionaldigital.com.br\/?p=158853","title":{"rendered":"Prefeitura Municipal de Tocantins &#8211; Licita\u00e7\u00e3o n\u00ba030 &#8211; 23\/04\/2020"},"content":{"rendered":"<p style=\"text-align: center;\"><strong>AVISO DE LICITA\u00c7\u00c3O<\/strong><strong>\u00a0<\/strong><\/p>\n<p style=\"text-align: center;\"><strong>Licita\u00e7\u00e3o n\u00b0 030\/2020<\/strong><\/p>\n<p style=\"text-align: center;\"><strong>Modalidade de Preg\u00e3o Presencial n\u00b0 020\/2020<\/strong><strong>\u00a0<\/strong><\/p>\n<p style=\"text-align: center;\">O Munic\u00edpio de TOCANTINS\/MG, na forma da lei, faz saber a todos os interessados que far\u00e1 licita\u00e7\u00e3o na modalidade de preg\u00e3o presencial MENOR PRE\u00c7O GLOBAL \u00a0na modalidade de REGISTRO DE PRE\u00c7OS para contrata\u00e7\u00e3o de empresa especializada em promover servi\u00e7os de PER\u00cdCIA M\u00c9DICA EM SERVIDORES PARA LICEN\u00c7AS M\u00c9DICAS, conforme os artigos 74 e 75 da Lei Complementar n\u00b0008\/2002 atendendo as necessidades do FAPSEM \u2013 FUNDO DE APOSENTADORIA E PENS\u00c3O DO SERVIDORES P\u00daBLICOS MUNIC\u00cdPIOS TOCANTINS\/MG\u00a0,\u00a0no dia 06\/05\/2020 \u00e0s 08:00 horas na sala da comiss\u00e3o de licita\u00e7\u00e3o, localizada na Av. Padre Mac\u00e1rio, n\u00b0 129, bairro Centro, munic\u00edpio de TOCANTINS\/MG. O edital completo encontra-se a disposi\u00e7\u00e3o dos interessados no endere\u00e7o citado anteriormente, no hor\u00e1rio de expediente de 07:00 as 11:00 horas e ou no endere\u00e7o eletr\u00f4nico\u00a0<a href=\"http:\/\/tocantins.mg.gov.br\/\">http:\/\/tocantins.mg.gov.br\/<\/a>.\u00a0\u00a0TOCANTINS, 22 de abril de 2020.<\/p>\n<p style=\"text-align: center;\">________________________________________<\/p>\n<p style=\"text-align: center;\"><strong>LUIZ FERNANDO BARBOSA DA SILVA<\/strong><\/p>\n<p style=\"text-align: center;\"><strong>PREGOEIRO<\/strong><\/p>\n","protected":false},"excerpt":{"rendered":"<p>AVISO DE LICITA\u00c7\u00c3O\u00a0 Licita\u00e7\u00e3o n\u00b0 030\/2020 Modalidade de Preg\u00e3o Presencial n\u00b0 020\/2020\u00a0 O Munic\u00edpio de TOCANTINS\/MG, na forma da lei, faz saber a todos os interessados que far\u00e1 licita\u00e7\u00e3o na modalidade de preg\u00e3o presencial MENOR PRE\u00c7O GLOBAL \u00a0na modalidade de REGISTRO DE PRE\u00c7OS para contrata\u00e7\u00e3o de empresa especializada em promover servi\u00e7os de PER\u00cdCIA M\u00c9DICA EM [&hellip;]<\/p>\n","protected":false},"author":96,"featured_media":0,"comment_status":"closed","ping_status":"closed","sticky":false,"template":"","format":"standard","meta":{"footnotes":""},"categories":[307],"tags":[],"class_list":["post-158853","post","type-post","status-publish","format-standard","hentry","category-editais"],"_links":{"self":[{"href":"https:\/\/diarioregionaldigital.com.br\/index.php?rest_route=\/wp\/v2\/posts\/158853","targetHints":{"allow":["GET"]}}],"collection":[{"href":"https:\/\/diarioregionaldigital.com.br\/index.php?rest_route=\/wp\/v2\/posts"}],"about":[{"href":"https:\/\/diarioregionaldigital.com.br\/index.php?rest_route=\/wp\/v2\/types\/post"}],"author":[{"embeddable":true,"href":"https:\/\/diarioregionaldigital.com.br\/index.php?rest_route=\/wp\/v2\/users\/96"}],"replies":[{"embeddable":true,"href":"https:\/\/diarioregionaldigital.com.br\/index.php?rest_route=%2Fwp%2Fv2%2Fcomments&post=158853"}],"version-history":[{"count":0,"href":"https:\/\/diarioregionaldigital.com.br\/index.php?rest_route=\/wp\/v2\/posts\/158853\/revisions"}],"wp:attachment":[{"href":"https:\/\/diarioregionaldigital.com.br\/index.php?rest_route=%2Fwp%2Fv2%2Fmedia&parent=158853"}],"wp:term":[{"taxonomy":"category","embeddable":true,"href":"https:\/\/diarioregionaldigital.com.br\/index.php?rest_route=%2Fwp%2Fv2%2Fcategories&post=158853"},{"taxonomy":"post_tag","embeddable":true,"href":"https:\/\/diarioregionaldigital.com.br\/index.php?rest_route=%2Fwp%2Fv2%2Ftags&post=158853"}],"curies":[{"name":"wp","href":"https:\/\/api.w.org\/{rel}","templated":true}]}}